{"id":19650,"date":"2023-03-21T15:48:47","date_gmt":"2023-03-21T18:48:47","guid":{"rendered":"http:\/\/www.muricionline.com.br\/novo\/?p=19650"},"modified":"2023-03-21T15:51:15","modified_gmt":"2023-03-21T18:51:15","slug":"santana-do-ipanema-recebe-circuito-cria-nesta-quarta-22-uma-arena-de-cidadania-e-cuidados-para-gestantes-e-criancas","status":"publish","type":"post","link":"http:\/\/www.muricionline.com.br\/novo\/?p=19650","title":{"rendered":"Santana do Ipanema recebe Circuito CRIA nesta quarta (22), uma arena de cidadania e cuidados para gestantes e crian\u00e7as"},"content":{"rendered":"<p>O munic\u00edpio de Santana do Ipanema ser\u00e1 palco do Circuito Cria, uma grande arena de cidadania e cuidados para gestantes e crian\u00e7as, do ensino p\u00fablico, que acontece nesta quarta-feira (22), das 8h \u00e0s 17h, no Centro de Conviv\u00eancia, no Largo C\u00f4nego Jos\u00e9 Bulh\u00f5es. O evento \u00e9 uma iniciativa do Governo de Alagoas, em parceria com a Prefeitura de Santana do Ipanema.<\/p>\n<p>O Circuito Cria vai atender o p\u00fablico da primeira inf\u00e2ncia com atividades l\u00fadicas e servi\u00e7os de atendimentos \u00e0s gestantes e crian\u00e7as de 0 a 6 anos. A area contar\u00e1 com estandes equipados para realizar atividades de est\u00edmulo ao desenvolvimento infantil como conta\u00e7\u00e3o de hist\u00f3rias, jogos educativos, pintura, distribui\u00e7\u00e3o de livros e orienta\u00e7\u00f5es sobre sa\u00fade e alimenta\u00e7\u00e3o saud\u00e1vel.<\/p>\n<p>No espa\u00e7o as crian\u00e7as tamb\u00e9m participam de oficina de inicia\u00e7\u00e3o a rob\u00f3tica, introdu\u00e7\u00e3o \u00e0 linguagem de sinais, teatro de fantoche com foco na preven\u00e7\u00e3o \u00e0s drogas e \u00e0 viol\u00eancia. Para as gestantes, o projeto contempla pr\u00e1ticas obst\u00e9tricas humanizadas, palestras sobre aleitamento materno, alimenta\u00e7\u00e3o saud\u00e1vel e cuidados com os rec\u00e9m-nascidos.Nesta a\u00e7\u00e3o participam todas as secretarias parceira do programa CRIA.<\/p>\n<p>&nbsp;<\/p>\n<p>Com Assessoria&nbsp;<\/p>\n<span style=\"clear:both;display:none;\"><img src=\"http:\/\/www.muricionline.com.br\/novo\/wp-content\/plugins\/wp-spamfree\/img\/wpsf-img.php\" width=\"0\" height=\"0\" alt=\"\" style=\"border-style:none;width:0px;height:0px;display:none;\" \/><\/span>","protected":false},"excerpt":{"rendered":"<p>O munic\u00edpio de Santana do Ipanema ser\u00e1 palco do Circuito Cria, uma grande arena de cidadania e cuidados para gestantes e crian\u00e7as, do ensino p\u00fablico, que acontece nesta quarta-feira (22), das 8h \u00e0s 17h, no Centro de Conviv\u00eancia, no Largo C\u00f4nego Jos\u00e9 Bulh\u00f5es. O evento \u00e9 uma iniciativa do Governo de Alagoas, em parceria com&#8230;<\/p>\n","protected":false},"author":1,"featured_media":19651,"comment_status":"open","ping_status":"open","sticky":false,"template":"","format":"standard","meta":{"footnotes":""},"categories":[1],"tags":[5],"_links":{"self":[{"href":"http:\/\/www.muricionline.com.br\/novo\/index.php?rest_route=\/wp\/v2\/posts\/19650"}],"collection":[{"href":"http:\/\/www.muricionline.com.br\/novo\/index.php?rest_route=\/wp\/v2\/posts"}],"about":[{"href":"http:\/\/www.muricionline.com.br\/novo\/index.php?rest_route=\/wp\/v2\/types\/post"}],"author":[{"embeddable":true,"href":"http:\/\/www.muricionline.com.br\/novo\/index.php?rest_route=\/wp\/v2\/users\/1"}],"replies":[{"embeddable":true,"href":"http:\/\/www.muricionline.com.br\/novo\/index.php?rest_route=%2Fwp%2Fv2%2Fcomments&post=19650"}],"version-history":[{"count":1,"href":"http:\/\/www.muricionline.com.br\/novo\/index.php?rest_route=\/wp\/v2\/posts\/19650\/revisions"}],"predecessor-version":[{"id":19652,"href":"http:\/\/www.muricionline.com.br\/novo\/index.php?rest_route=\/wp\/v2\/posts\/19650\/revisions\/19652"}],"wp:featuredmedia":[{"embeddable":true,"href":"http:\/\/www.muricionline.com.br\/novo\/index.php?rest_route=\/wp\/v2\/media\/19651"}],"wp:attachment":[{"href":"http:\/\/www.muricionline.com.br\/novo\/index.php?rest_route=%2Fwp%2Fv2%2Fmedia&parent=19650"}],"wp:term":[{"taxonomy":"category","embeddable":true,"href":"http:\/\/www.muricionline.com.br\/novo\/index.php?rest_route=%2Fwp%2Fv2%2Fcategories&post=19650"},{"taxonomy":"post_tag","embeddable":true,"href":"http:\/\/www.muricionline.com.br\/novo\/index.php?rest_route=%2Fwp%2Fv2%2Ftags&post=19650"}],"curies":[{"name":"wp","href":"https:\/\/api.w.org\/{rel}","templated":true}]}}