{"id":19910,"date":"2023-04-19T15:39:27","date_gmt":"2023-04-19T18:39:27","guid":{"rendered":"http:\/\/www.muricionline.com.br\/novo\/?p=19910"},"modified":"2023-04-19T15:39:27","modified_gmt":"2023-04-19T18:39:27","slug":"prefeitura-de-santana-do-ipanema-lanca-programa-municipal-de-aracao-de-terras-para-a-safra-2023","status":"publish","type":"post","link":"http:\/\/www.muricionline.com.br\/novo\/?p=19910","title":{"rendered":"Prefeitura de Santana do Ipanema lan\u00e7a Programa Municipal de Ara\u00e7\u00e3o de Terras para a safra 2023"},"content":{"rendered":"<p>A Prefeitura de Santana do Ipanema lan\u00e7ou na manh\u00e3 desta quarta-feira (19), por meio da Secretaria Municipal de Desenvolvimento Rural, Meio Ambiente e Recursos H\u00eddricos, o Programa Municipal de Ara\u00e7\u00e3o de Terras para auxiliar os agricultores santanenses na prepara\u00e7\u00e3o de terras para o plantio.<\/p>\n<p>A prefeita Christiane Bulh\u00f5es acompanhou o in\u00edcio dos trabalhos nos S\u00edtios Queimada do Rio e Barra do Jo\u00e3o Gomes, acompanhada do vice-prefeito Iury, dos vereadores Moacir J\u00fanior, Roberto Oliveira, Elielson da Silva, Eliana Fofa e Dev\u00e1 do \u00d3leo, dos secret\u00e1rios Amanda Gra\u00e7a e Marcelo Melo, do chefe de gabinete Jorge Santana e lideran\u00e7as da regi\u00e3o.<\/p>\n<p>11 tratores j\u00e1 est\u00e3o nas propriedades, com o objetivo de superar o ano de 2022, facilitando a vida do homem do campo no processo de cultivo da terra para o aumento da produ\u00e7\u00e3o e a gera\u00e7\u00e3o de renda no meio rural.<\/p>\n<p>Para Aderval Gomes, um dos agricultores beneficiados no S\u00edtio Barra do Jo\u00e3o Gomes, a prepara\u00e7\u00e3o das terras pelos tratores da prefeitura \u00e9 uma motiva\u00e7\u00e3o. Ele agradeceu o apoio constante da prefeita Christiane Bulh\u00f5es e j\u00e1 est\u00e1 na expectativa para ter uma produ\u00e7\u00e3o superior ao ano passado.<\/p>\n<p>Na oportunidade, a chefe do executivo conversou com os agricultores e refor\u00e7ou o compromisso da gest\u00e3o municipal com o fortalecimento da agricultura familiar santanense.<\/p>\n<p>&nbsp;<\/p>\n<p>Com Assessoria&nbsp;<\/p>\n<span style=\"clear:both;display:none;\"><img src=\"http:\/\/www.muricionline.com.br\/novo\/wp-content\/plugins\/wp-spamfree\/img\/wpsf-img.php\" width=\"0\" height=\"0\" alt=\"\" style=\"border-style:none;width:0px;height:0px;display:none;\" \/><\/span>","protected":false},"excerpt":{"rendered":"<p>A Prefeitura de Santana do Ipanema lan\u00e7ou na manh\u00e3 desta quarta-feira (19), por meio da Secretaria Municipal de Desenvolvimento Rural, Meio Ambiente e Recursos H\u00eddricos, o Programa Municipal de Ara\u00e7\u00e3o de Terras para auxiliar os agricultores santanenses na prepara\u00e7\u00e3o de terras para o plantio. A prefeita Christiane Bulh\u00f5es acompanhou o in\u00edcio dos trabalhos nos S\u00edtios&#8230;<\/p>\n","protected":false},"author":1,"featured_media":19911,"comment_status":"open","ping_status":"open","sticky":false,"template":"","format":"standard","meta":{"footnotes":""},"categories":[1],"tags":[5],"_links":{"self":[{"href":"http:\/\/www.muricionline.com.br\/novo\/index.php?rest_route=\/wp\/v2\/posts\/19910"}],"collection":[{"href":"http:\/\/www.muricionline.com.br\/novo\/index.php?rest_route=\/wp\/v2\/posts"}],"about":[{"href":"http:\/\/www.muricionline.com.br\/novo\/index.php?rest_route=\/wp\/v2\/types\/post"}],"author":[{"embeddable":true,"href":"http:\/\/www.muricionline.com.br\/novo\/index.php?rest_route=\/wp\/v2\/users\/1"}],"replies":[{"embeddable":true,"href":"http:\/\/www.muricionline.com.br\/novo\/index.php?rest_route=%2Fwp%2Fv2%2Fcomments&post=19910"}],"version-history":[{"count":1,"href":"http:\/\/www.muricionline.com.br\/novo\/index.php?rest_route=\/wp\/v2\/posts\/19910\/revisions"}],"predecessor-version":[{"id":19912,"href":"http:\/\/www.muricionline.com.br\/novo\/index.php?rest_route=\/wp\/v2\/posts\/19910\/revisions\/19912"}],"wp:featuredmedia":[{"embeddable":true,"href":"http:\/\/www.muricionline.com.br\/novo\/index.php?rest_route=\/wp\/v2\/media\/19911"}],"wp:attachment":[{"href":"http:\/\/www.muricionline.com.br\/novo\/index.php?rest_route=%2Fwp%2Fv2%2Fmedia&parent=19910"}],"wp:term":[{"taxonomy":"category","embeddable":true,"href":"http:\/\/www.muricionline.com.br\/novo\/index.php?rest_route=%2Fwp%2Fv2%2Fcategories&post=19910"},{"taxonomy":"post_tag","embeddable":true,"href":"http:\/\/www.muricionline.com.br\/novo\/index.php?rest_route=%2Fwp%2Fv2%2Ftags&post=19910"}],"curies":[{"name":"wp","href":"https:\/\/api.w.org\/{rel}","templated":true}]}}