{"id":19941,"date":"2023-04-20T14:27:31","date_gmt":"2023-04-20T17:27:31","guid":{"rendered":"http:\/\/www.muricionline.com.br\/novo\/?p=19941"},"modified":"2023-04-20T14:27:31","modified_gmt":"2023-04-20T17:27:31","slug":"comunica-branquinha-leva-capacitacao-em-comunicacao-publica-aos-servidores-da-prefeitura","status":"publish","type":"post","link":"http:\/\/www.muricionline.com.br\/novo\/?p=19941","title":{"rendered":"Comunica Branquinha leva capacita\u00e7\u00e3o em comunica\u00e7\u00e3o p\u00fablica aos servidores da Prefeitura"},"content":{"rendered":"<p>Nesta quarta-feira (19), servidores da Prefeitura de Branquinha participaram do Comunica Branquinha, evento de capacita\u00e7\u00e3o em comunica\u00e7\u00e3o p\u00fablica realizado pela administra\u00e7\u00e3o, atrav\u00e9s da Assessoria de Comunica\u00e7\u00e3o e em parceria com o Instituto Terra Solid\u00e1ria. Com os temas \u2018Como seu trabalho \u00e9 visto nas redes sociais\u2019; \u2018Din\u00e2mica: o que \u00e9 rede social de gest\u00e3o p\u00fablica?\u2019; \u2018De que modo meu trabalho pode contribuir com a comunica\u00e7\u00e3o?\u2019; al\u00e9m da apresenta\u00e7\u00e3o do manual de boas condutas e outras atividades, as palestras foram ministradas por Lucas Leite (secret\u00e1rio adjunto de Governo e Comunica\u00e7\u00e3o da Prefeitura de Jequi\u00e1); L\u00e9o Bastos e Zulu Fernando (da Secretaria de Comunica\u00e7\u00e3o de Uni\u00e3o dos Palmares); e Rosi Almeida (especialista em Comunica\u00e7\u00e3o e Marketing P\u00fablico do Amap\u00e1).<\/p>\n<p>\u201cExcelente oportunidade de compartilharmos, de forma clara e din\u00e2mica, o universo da comunica\u00e7\u00e3o p\u00fablica com o principal elo entre a prefeitura e a popula\u00e7\u00e3o: o servidor. Abordamos assuntos como: desempenho das fun\u00e7\u00f5es como vitrine; a import\u00e2ncia da colabora\u00e7\u00e3o coletiva; e o quanto o &#8220;vestir a camisa do grupo&#8221;, fortalece toda a equipe que integra a gest\u00e3o, com essa turma que faz a diferen\u00e7a na administra\u00e7\u00e3o. Agrade\u00e7o ao prefeito Neno Freitas; a primeira-dama, Renata Freitas; secret\u00e1rios municipais e ao Instituto Terra Solid\u00e1ria pela grande parceria\u201d, destacou a assessora de comunica\u00e7\u00e3o e coordenadora do projeto, Elaine Rafaella.<\/p>\n<p>Presente no evento ao lado da primeira-dama Renata, o prefeito Neno Freitas ressaltou a import\u00e2ncia do encontro para o aprimoramento da comunica\u00e7\u00e3o entre a gest\u00e3o e os branquinhenses.<\/p>\n<p>\u201cO principal objetivo da capacita\u00e7\u00e3o, \u00e9 garantir que o nosso trabalho seja divulgado da forma adequada, garantindo que todos os branquinhenses tenham acesso \u00e0s informa\u00e7\u00f5es das nossas a\u00e7\u00f5es e de como est\u00e3o sendo aplicados os recursos p\u00fablicos. Para isto, refor\u00e7amos a import\u00e2ncia da colabora\u00e7\u00e3o e contribui\u00e7\u00e3o dos nossos servidores, que s\u00e3o a principal ponte entre a gest\u00e3o e os cidad\u00e3os, e que podem tornar a nossa comunica\u00e7\u00e3o ainda mais direta e eficiente\u201d, finalizou.<\/p>\n<p>&nbsp;<\/p>\n<p>Com Assessoria&nbsp;<\/p>\n<span style=\"clear:both;display:none;\"><img src=\"http:\/\/www.muricionline.com.br\/novo\/wp-content\/plugins\/wp-spamfree\/img\/wpsf-img.php\" width=\"0\" height=\"0\" alt=\"\" style=\"border-style:none;width:0px;height:0px;display:none;\" \/><\/span>","protected":false},"excerpt":{"rendered":"<p>Nesta quarta-feira (19), servidores da Prefeitura de Branquinha participaram do Comunica Branquinha, evento de capacita\u00e7\u00e3o em comunica\u00e7\u00e3o p\u00fablica realizado pela administra\u00e7\u00e3o, atrav\u00e9s da Assessoria de Comunica\u00e7\u00e3o e em parceria com o Instituto Terra Solid\u00e1ria. Com os temas \u2018Como seu trabalho \u00e9 visto nas redes sociais\u2019; \u2018Din\u00e2mica: o que \u00e9 rede social de gest\u00e3o p\u00fablica?\u2019; \u2018De&#8230;<\/p>\n","protected":false},"author":1,"featured_media":19942,"comment_status":"open","ping_status":"open","sticky":false,"template":"","format":"standard","meta":{"footnotes":""},"categories":[1],"tags":[5],"_links":{"self":[{"href":"http:\/\/www.muricionline.com.br\/novo\/index.php?rest_route=\/wp\/v2\/posts\/19941"}],"collection":[{"href":"http:\/\/www.muricionline.com.br\/novo\/index.php?rest_route=\/wp\/v2\/posts"}],"about":[{"href":"http:\/\/www.muricionline.com.br\/novo\/index.php?rest_route=\/wp\/v2\/types\/post"}],"author":[{"embeddable":true,"href":"http:\/\/www.muricionline.com.br\/novo\/index.php?rest_route=\/wp\/v2\/users\/1"}],"replies":[{"embeddable":true,"href":"http:\/\/www.muricionline.com.br\/novo\/index.php?rest_route=%2Fwp%2Fv2%2Fcomments&post=19941"}],"version-history":[{"count":1,"href":"http:\/\/www.muricionline.com.br\/novo\/index.php?rest_route=\/wp\/v2\/posts\/19941\/revisions"}],"predecessor-version":[{"id":19943,"href":"http:\/\/www.muricionline.com.br\/novo\/index.php?rest_route=\/wp\/v2\/posts\/19941\/revisions\/19943"}],"wp:featuredmedia":[{"embeddable":true,"href":"http:\/\/www.muricionline.com.br\/novo\/index.php?rest_route=\/wp\/v2\/media\/19942"}],"wp:attachment":[{"href":"http:\/\/www.muricionline.com.br\/novo\/index.php?rest_route=%2Fwp%2Fv2%2Fmedia&parent=19941"}],"wp:term":[{"taxonomy":"category","embeddable":true,"href":"http:\/\/www.muricionline.com.br\/novo\/index.php?rest_route=%2Fwp%2Fv2%2Fcategories&post=19941"},{"taxonomy":"post_tag","embeddable":true,"href":"http:\/\/www.muricionline.com.br\/novo\/index.php?rest_route=%2Fwp%2Fv2%2Ftags&post=19941"}],"curies":[{"name":"wp","href":"https:\/\/api.w.org\/{rel}","templated":true}]}}