{"id":19944,"date":"2023-04-21T06:22:40","date_gmt":"2023-04-21T09:22:40","guid":{"rendered":"http:\/\/www.muricionline.com.br\/novo\/?p=19944"},"modified":"2023-04-21T06:22:40","modified_gmt":"2023-04-21T09:22:40","slug":"em-uniao-prefeito-kil-sanciona-projeto-de-lei-que-torna-democratica-a-escolha-de-diretores-escolares-na-rede-municipal","status":"publish","type":"post","link":"http:\/\/www.muricionline.com.br\/novo\/?p=19944","title":{"rendered":"Em Uni\u00e3o, Prefeito Kil sanciona projeto de lei que torna democr\u00e1tica a escolha de diretores escolares na rede municipal"},"content":{"rendered":"<p>Em Uni\u00e3o dos Palmares, capital da Zona da Mata Alagoana, o prefeito Areski Freitas (Kil) avan\u00e7a um passo importante no processo democr\u00e1tico educacional e implanta, por meio de um projeto de lei sancionado nesta quinta-feira (20), que a escolha dos diretores das escolas p\u00fablicas da rede municipal agora acontecer\u00e1 por vota\u00e7\u00e3o da comunidade escolar: professores, servidores das escolas, alunos a partir de 14 anos e pais de alunos menores de 14 anos ser\u00e3o os votantes.<\/p>\n<p>O projeto foi encaminhado \u00e0 C\u00e2mara Municipal de Vereadores e aprovado por unanimidade na sess\u00e3o do dia 3 de abril, seguindo para san\u00e7\u00e3o do prefeito. \u201c\u00c9 um projeto que de imediato foi abra\u00e7ado por todos os vereadores, tenho certeza que vai dar mais qualidade ainda ao nosso ensino p\u00fablico, com a escolha da gestores comprometidos com a comunidade escolar\u201d, falou o presidente Nenzinha.<\/p>\n<p>O prefeito Kil destaca que a educa\u00e7\u00e3o \u00e9 uma bandeira sempre defendida em seus anos de vida p\u00fablica e faz a avalia\u00e7\u00e3o de sua contribui\u00e7\u00e3o enquanto gestor para a \u00e1rea.<\/p>\n<p>\u201cPara quem me acompanha desde in\u00edcio da minha vida p\u00fablica, sabe que a educa\u00e7\u00e3o \u00e9 uma bandeira que marca minha trajet\u00f3ria. J\u00e1 fui secret\u00e1rio de Educa\u00e7\u00e3o, implantei a\u00e7\u00f5es essenciais como o Plano de Cargos e Carreiras, e como Prefeito n\u00e3o foi diferente meu empenho e amor pela educa\u00e7\u00e3o, tornamos nossa educa\u00e7\u00e3o de 36\u00ba para a 6\u00ba melhor de Alagoas com muito trabalho e compet\u00eancia de todos nossos profissionais. Hoje \u00e9 mais um dia que considero marcante na minha jornada com a educa\u00e7\u00e3o, o dia em que eu, enquanto gestor, sancionei o projeto de lei que enviamos \u00e0 C\u00e2mara de Vereadores, para garantir o processo de gest\u00e3o democr\u00e1tica nas escolas e permitir que a escolha dos diretores escolares aconte\u00e7a por interm\u00e9dio da vota\u00e7\u00e3o dos alunos (a partir de 14 anos), pais de alunos (alunos abaixo de 14 anos) e profissionais das escolas. Que alegria! Viva a Educa\u00e7\u00e3o! A Educa\u00e7\u00e3o que transforma vida e torna sonhos realidade!\u201d, publicou o prefeito em suas redes sociais.<\/p>\n<p>&nbsp;<\/p>\n<p>Com Assessoria&nbsp;<\/p>\n<span style=\"clear:both;display:none;\"><img src=\"http:\/\/www.muricionline.com.br\/novo\/wp-content\/plugins\/wp-spamfree\/img\/wpsf-img.php\" width=\"0\" height=\"0\" alt=\"\" style=\"border-style:none;width:0px;height:0px;display:none;\" \/><\/span>","protected":false},"excerpt":{"rendered":"<p>Em Uni\u00e3o dos Palmares, capital da Zona da Mata Alagoana, o prefeito Areski Freitas (Kil) avan\u00e7a um passo importante no processo democr\u00e1tico educacional e implanta, por meio de um projeto de lei sancionado nesta quinta-feira (20), que a escolha dos diretores das escolas p\u00fablicas da rede municipal agora acontecer\u00e1 por vota\u00e7\u00e3o da comunidade escolar: professores,&#8230;<\/p>\n","protected":false},"author":1,"featured_media":19945,"comment_status":"open","ping_status":"open","sticky":false,"template":"","format":"standard","meta":{"footnotes":""},"categories":[1],"tags":[5],"_links":{"self":[{"href":"http:\/\/www.muricionline.com.br\/novo\/index.php?rest_route=\/wp\/v2\/posts\/19944"}],"collection":[{"href":"http:\/\/www.muricionline.com.br\/novo\/index.php?rest_route=\/wp\/v2\/posts"}],"about":[{"href":"http:\/\/www.muricionline.com.br\/novo\/index.php?rest_route=\/wp\/v2\/types\/post"}],"author":[{"embeddable":true,"href":"http:\/\/www.muricionline.com.br\/novo\/index.php?rest_route=\/wp\/v2\/users\/1"}],"replies":[{"embeddable":true,"href":"http:\/\/www.muricionline.com.br\/novo\/index.php?rest_route=%2Fwp%2Fv2%2Fcomments&post=19944"}],"version-history":[{"count":1,"href":"http:\/\/www.muricionline.com.br\/novo\/index.php?rest_route=\/wp\/v2\/posts\/19944\/revisions"}],"predecessor-version":[{"id":19946,"href":"http:\/\/www.muricionline.com.br\/novo\/index.php?rest_route=\/wp\/v2\/posts\/19944\/revisions\/19946"}],"wp:featuredmedia":[{"embeddable":true,"href":"http:\/\/www.muricionline.com.br\/novo\/index.php?rest_route=\/wp\/v2\/media\/19945"}],"wp:attachment":[{"href":"http:\/\/www.muricionline.com.br\/novo\/index.php?rest_route=%2Fwp%2Fv2%2Fmedia&parent=19944"}],"wp:term":[{"taxonomy":"category","embeddable":true,"href":"http:\/\/www.muricionline.com.br\/novo\/index.php?rest_route=%2Fwp%2Fv2%2Fcategories&post=19944"},{"taxonomy":"post_tag","embeddable":true,"href":"http:\/\/www.muricionline.com.br\/novo\/index.php?rest_route=%2Fwp%2Fv2%2Ftags&post=19944"}],"curies":[{"name":"wp","href":"https:\/\/api.w.org\/{rel}","templated":true}]}}