{"id":19947,"date":"2023-04-21T11:42:28","date_gmt":"2023-04-21T14:42:28","guid":{"rendered":"http:\/\/www.muricionline.com.br\/novo\/?p=19947"},"modified":"2023-04-21T11:44:00","modified_gmt":"2023-04-21T14:44:00","slug":"19947","status":"publish","type":"post","link":"http:\/\/www.muricionline.com.br\/novo\/?p=19947","title":{"rendered":"Santana 148 Anos: segundo dia de programa\u00e7\u00e3o foi marcado por entregas na cidade e na zona rural"},"content":{"rendered":"<p>Na semana em que comemora os 148 anos de Emancipa\u00e7\u00e3o Pol\u00edtica os santanenses t\u00eam ainda mais motivos para comemorar. Nesta quinta-feira (20), segundo dia de programa\u00e7\u00e3o, a prefeita Christiane Bulh\u00f5es realizou importantes entregas nas \u00e1reas de meio ambiente, transportes, sa\u00fade e infraestrutura.<\/p>\n<p>A programa\u00e7\u00e3o teve in\u00edcio com a inaugura\u00e7\u00e3o da sede da Associa\u00e7\u00e3o dos Catadores de Materiais Recicl\u00e1veis de Santana do Ipanema, a Recicla Santana, localizada na Rua Professor En\u00e9as Ara\u00fajo. Os 20 catadores agora contam com toda a estrutura necess\u00e1ria para a realiza\u00e7\u00e3o dos seus trabalhos e um caminh\u00e3o devidamente equipado para contribuir com a coleta.<\/p>\n<p>Acompanhada do secret\u00e1rio de Infraestrutura Marcelo Melo, a chefe do executivo realizou durante a manh\u00e3 e tarde a entrega de pavimenta\u00e7\u00e3o e drenagem de ruas na comunidade Santo Ant\u00f4nio e no Povoado S\u00e3o Raimundo, grandes sonhos dos moradores.<\/p>\n<p>Em parceria com o Governo de Alagoas, a Prefeitura de Santana do Ipanema realizou ainda a entrega das melhorias habitacionais de 15 resid\u00eancias na comunidade Santo Ant\u00f4nio, por meio do Programa Vida Nova na Sua Casa.<\/p>\n<p>J\u00e1 na Superintend\u00eancia Municipal de Transportes e Tr\u00e2nsito (SMTT) foi iniciada a entrega dos 225 capacetes e coletes refletivos para os mototaxistas credenciados no munic\u00edpio, garantindo a identifica\u00e7\u00e3o dos profissionais e mais seguran\u00e7a para toda a popula\u00e7\u00e3o.<\/p>\n<p>A sa\u00fade de Santana do Ipanema tem sido fortalecida da cidade \u00e0 zona rural. No S\u00edtio Riach\u00e3o, a prefeita Christiane entregou a reforma e amplia\u00e7\u00e3o da Unidade B\u00e1sica de Sa\u00fade Sebasti\u00e3o Damasceno Ara\u00fajo. Obra realizada com recursos pr\u00f3prios que vem para beneficiar os moradores de toda a regi\u00e3o.<\/p>\n<p>Na oportunidade, o deputado estadual Remi Calheiros anunciou que ir\u00e1 trabalhar junto \u00e0 prefeita por uma ambul\u00e2ncia para auxiliar no deslocamento dos pacientes que necessitem de transporte sanit\u00e1rio.<\/p>\n<p>Al\u00e9m do deputado Remi, vereadores, secret\u00e1rios municipais, servidores p\u00fablicos, empres\u00e1rios e sociedade civil participaram de todo o dia de programa\u00e7\u00e3o.<\/p>\n<p>&nbsp;<\/p>\n<p>Com Assessoria&nbsp;<\/p>\n<p>&nbsp;<\/p>\n<div id='gallery-1' class='gallery galleryid-19947 gallery-columns-3 gallery-size-thumbnail'><figure class='gallery-item'>\n\t\t\t<div class='gallery-icon landscape'>\n\t\t\t\t<a href='http:\/\/www.muricionline.com.br\/novo\/?attachment_id=19951'><img loading=\"lazy\" decoding=\"async\" width=\"80\" height=\"80\" src=\"http:\/\/www.muricionline.com.br\/novo\/wp-content\/uploads\/2023\/04\/578DD05D-18B5-4C3A-A243-F1AF9C341018-150x150.jpeg\" class=\"attachment-thumbnail size-thumbnail\" alt=\"\" \/><\/a>\n\t\t\t<\/div><\/figure><figure class='gallery-item'>\n\t\t\t<div class='gallery-icon landscape'>\n\t\t\t\t<a href='http:\/\/www.muricionline.com.br\/novo\/?attachment_id=19952'><img loading=\"lazy\" decoding=\"async\" width=\"80\" height=\"80\" src=\"http:\/\/www.muricionline.com.br\/novo\/wp-content\/uploads\/2023\/04\/2C833C4F-B344-49D6-8DA5-BF75B81B8B74-150x150.jpeg\" class=\"attachment-thumbnail size-thumbnail\" alt=\"\" \/><\/a>\n\t\t\t<\/div><\/figure><figure class='gallery-item'>\n\t\t\t<div class='gallery-icon landscape'>\n\t\t\t\t<a href='http:\/\/www.muricionline.com.br\/novo\/?attachment_id=19953'><img loading=\"lazy\" decoding=\"async\" width=\"80\" height=\"80\" src=\"http:\/\/www.muricionline.com.br\/novo\/wp-content\/uploads\/2023\/04\/9C5F3B92-E955-4351-A6F1-96F4A4BF35CE-150x150.jpeg\" class=\"attachment-thumbnail size-thumbnail\" alt=\"\" \/><\/a>\n\t\t\t<\/div><\/figure><figure class='gallery-item'>\n\t\t\t<div class='gallery-icon landscape'>\n\t\t\t\t<a href='http:\/\/www.muricionline.com.br\/novo\/?attachment_id=19954'><img loading=\"lazy\" decoding=\"async\" width=\"80\" height=\"80\" src=\"http:\/\/www.muricionline.com.br\/novo\/wp-content\/uploads\/2023\/04\/372DB123-FA78-4B1E-A2CB-29D9E283963B-150x150.jpeg\" class=\"attachment-thumbnail size-thumbnail\" alt=\"\" \/><\/a>\n\t\t\t<\/div><\/figure><figure class='gallery-item'>\n\t\t\t<div class='gallery-icon landscape'>\n\t\t\t\t<a href='http:\/\/www.muricionline.com.br\/novo\/?attachment_id=19955'><img loading=\"lazy\" decoding=\"async\" width=\"80\" height=\"80\" src=\"http:\/\/www.muricionline.com.br\/novo\/wp-content\/uploads\/2023\/04\/47BA9077-72E0-40FB-A2F5-BD21B986FB4C-150x150.jpeg\" class=\"attachment-thumbnail size-thumbnail\" alt=\"\" \/><\/a>\n\t\t\t<\/div><\/figure><figure class='gallery-item'>\n\t\t\t<div class='gallery-icon landscape'>\n\t\t\t\t<a href='http:\/\/www.muricionline.com.br\/novo\/?attachment_id=19956'><img loading=\"lazy\" decoding=\"async\" width=\"80\" height=\"80\" src=\"http:\/\/www.muricionline.com.br\/novo\/wp-content\/uploads\/2023\/04\/54C3A05E-68C5-442B-901C-0AFA0570FEDD-150x150.jpeg\" class=\"attachment-thumbnail size-thumbnail\" alt=\"\" \/><\/a>\n\t\t\t<\/div><\/figure><figure class='gallery-item'>\n\t\t\t<div class='gallery-icon landscape'>\n\t\t\t\t<a href='http:\/\/www.muricionline.com.br\/novo\/?attachment_id=19957'><img loading=\"lazy\" decoding=\"async\" width=\"80\" height=\"80\" src=\"http:\/\/www.muricionline.com.br\/novo\/wp-content\/uploads\/2023\/04\/F0B185B5-9ECF-480A-BDBB-5D6A62D4FAE7-150x150.jpeg\" class=\"attachment-thumbnail size-thumbnail\" alt=\"\" \/><\/a>\n\t\t\t<\/div><\/figure><figure class='gallery-item'>\n\t\t\t<div class='gallery-icon landscape'>\n\t\t\t\t<a href='http:\/\/www.muricionline.com.br\/novo\/?attachment_id=19958'><img loading=\"lazy\" decoding=\"async\" width=\"80\" height=\"80\" src=\"http:\/\/www.muricionline.com.br\/novo\/wp-content\/uploads\/2023\/04\/AD3CD431-51C3-41E9-8B8D-179092AC6B37-150x150.jpeg\" class=\"attachment-thumbnail size-thumbnail\" alt=\"\" \/><\/a>\n\t\t\t<\/div><\/figure>\n\t\t<\/div>\n\n<span style=\"clear:both;display:none;\"><img src=\"http:\/\/www.muricionline.com.br\/novo\/wp-content\/plugins\/wp-spamfree\/img\/wpsf-img.php\" width=\"0\" height=\"0\" alt=\"\" style=\"border-style:none;width:0px;height:0px;display:none;\" \/><\/span>","protected":false},"excerpt":{"rendered":"<p>Na semana em que comemora os 148 anos de Emancipa\u00e7\u00e3o Pol\u00edtica os santanenses t\u00eam ainda mais motivos para comemorar. Nesta quinta-feira (20), segundo dia de programa\u00e7\u00e3o, a prefeita Christiane Bulh\u00f5es realizou importantes entregas nas \u00e1reas de meio ambiente, transportes, sa\u00fade e infraestrutura. A programa\u00e7\u00e3o teve in\u00edcio com a inaugura\u00e7\u00e3o da sede da Associa\u00e7\u00e3o dos Catadores&#8230;<\/p>\n","protected":false},"author":1,"featured_media":19948,"comment_status":"open","ping_status":"open","sticky":false,"template":"","format":"standard","meta":{"footnotes":""},"categories":[7,1],"tags":[5],"_links":{"self":[{"href":"http:\/\/www.muricionline.com.br\/novo\/index.php?rest_route=\/wp\/v2\/posts\/19947"}],"collection":[{"href":"http:\/\/www.muricionline.com.br\/novo\/index.php?rest_route=\/wp\/v2\/posts"}],"about":[{"href":"http:\/\/www.muricionline.com.br\/novo\/index.php?rest_route=\/wp\/v2\/types\/post"}],"author":[{"embeddable":true,"href":"http:\/\/www.muricionline.com.br\/novo\/index.php?rest_route=\/wp\/v2\/users\/1"}],"replies":[{"embeddable":true,"href":"http:\/\/www.muricionline.com.br\/novo\/index.php?rest_route=%2Fwp%2Fv2%2Fcomments&post=19947"}],"version-history":[{"count":4,"href":"http:\/\/www.muricionline.com.br\/novo\/index.php?rest_route=\/wp\/v2\/posts\/19947\/revisions"}],"predecessor-version":[{"id":19960,"href":"http:\/\/www.muricionline.com.br\/novo\/index.php?rest_route=\/wp\/v2\/posts\/19947\/revisions\/19960"}],"wp:featuredmedia":[{"embeddable":true,"href":"http:\/\/www.muricionline.com.br\/novo\/index.php?rest_route=\/wp\/v2\/media\/19948"}],"wp:attachment":[{"href":"http:\/\/www.muricionline.com.br\/novo\/index.php?rest_route=%2Fwp%2Fv2%2Fmedia&parent=19947"}],"wp:term":[{"taxonomy":"category","embeddable":true,"href":"http:\/\/www.muricionline.com.br\/novo\/index.php?rest_route=%2Fwp%2Fv2%2Fcategories&post=19947"},{"taxonomy":"post_tag","embeddable":true,"href":"http:\/\/www.muricionline.com.br\/novo\/index.php?rest_route=%2Fwp%2Fv2%2Ftags&post=19947"}],"curies":[{"name":"wp","href":"https:\/\/api.w.org\/{rel}","templated":true}]}}