{"id":19961,"date":"2023-04-22T12:40:13","date_gmt":"2023-04-22T15:40:13","guid":{"rendered":"http:\/\/www.muricionline.com.br\/novo\/?p=19961"},"modified":"2023-04-22T12:41:38","modified_gmt":"2023-04-22T15:41:38","slug":"sao-jose-da-laje-a-santa-casa-sem-fronteiras-realiza-palestra-de-conscientizacao-sobre-o-autismo-na-quinta-feira-20-a-santa-casa-sem-fronteira-promoveu-um-ciclo-de-palestra-para-conscientizacao","status":"publish","type":"post","link":"http:\/\/www.muricionline.com.br\/novo\/?p=19961","title":{"rendered":"S\u00e3o Jos\u00e9 da Laje: A Santa Casa Sem Fronteiras realiza palestra de conscientiza\u00e7\u00e3o sobre o autismo"},"content":{"rendered":"<p>Na quinta-feira, 20, a Santa Casa Sem Fronteira promoveu um ciclo de palestra para conscientiza\u00e7\u00e3o sobre o autismo. A a\u00e7\u00e3o que teve a parceria da prefeitura de S\u00e3o Jos\u00e9 da Laje, aconteceu no audit\u00f3rio da secretaria municipal de educa\u00e7\u00e3o e contou a participa\u00e7\u00e3o do presidente da institui\u00e7\u00e3o Lucas Matos, do superintendente Fernando Cunha, al\u00e9m da prefeita Angela Vanessa, dos secret\u00e1rios municipais Fernando Chicuta, Cinthya Lopes, Gustavo Balbino, Glaudes Souza e Anna Cl\u00e1udia.<\/p>\n<p>A m\u00e9dica pediatra e membra da Comiss\u00e3o Permanente de Inclus\u00e3o do estado da Bahia, Mar\u00edlia Zotareli, esteve na a\u00e7\u00e3o a convite da Santa Casa para conversar sobre autismo com os associados das \u00e1reas da sa\u00fade, infraestrutura, assist\u00eancia social, administra\u00e7\u00e3o, dentre outros.<\/p>\n<p>Em apresenta\u00e7\u00e3o, foi atualizado o conceito de Autismo de acordo com o Cid 11 e o DSM 5. A m\u00e9dica pediatra falou de forma simples sobre os principais sinais, sintomas, diagn\u00f3sticos, progn\u00f3sticos e tratamento, explicando sempre que o autismo n\u00e3o \u00e9 uma doen\u00e7a e sim uma condi\u00e7\u00e3o relacionada ao desenvolvimento do c\u00e9rebro que afeta a forma como uma pessoa percebe o mundo e se socializa. \u201c\u00c9 importante lembrar sempre que o acompanhamento \u00e9 feito de forma individual porque cada autista \u00e9 \u00fanico, tanto em seus desafios como em suas potencialidades\u201d, disse Mar\u00edlia Zotareli.<\/p>\n<p>&nbsp;<\/p>\n<p>Por Assessoria&nbsp;<\/p>\n<p>&nbsp;<\/p>\n<div id='gallery-1' class='gallery galleryid-19961 gallery-columns-3 gallery-size-thumbnail'><figure class='gallery-item'>\n\t\t\t<div class='gallery-icon landscape'>\n\t\t\t\t<a href='http:\/\/www.muricionline.com.br\/novo\/?attachment_id=19963'><img loading=\"lazy\" decoding=\"async\" width=\"80\" height=\"80\" src=\"http:\/\/www.muricionline.com.br\/novo\/wp-content\/uploads\/2023\/04\/7A4C7605-DBC6-43E9-A363-4D83B192D221-150x150.jpeg\" class=\"attachment-thumbnail size-thumbnail\" alt=\"\" \/><\/a>\n\t\t\t<\/div><\/figure><figure class='gallery-item'>\n\t\t\t<div class='gallery-icon landscape'>\n\t\t\t\t<a href='http:\/\/www.muricionline.com.br\/novo\/?attachment_id=19964'><img loading=\"lazy\" decoding=\"async\" width=\"80\" height=\"80\" src=\"http:\/\/www.muricionline.com.br\/novo\/wp-content\/uploads\/2023\/04\/F0120A8B-8BBA-4AB0-9988-33C400A8E260-150x150.jpeg\" class=\"attachment-thumbnail size-thumbnail\" alt=\"\" \/><\/a>\n\t\t\t<\/div><\/figure><figure class='gallery-item'>\n\t\t\t<div class='gallery-icon landscape'>\n\t\t\t\t<a href='http:\/\/www.muricionline.com.br\/novo\/?attachment_id=19966'><img loading=\"lazy\" decoding=\"async\" width=\"80\" height=\"80\" src=\"http:\/\/www.muricionline.com.br\/novo\/wp-content\/uploads\/2023\/04\/C87DC7E7-77DF-441B-9952-CFE7694D15AC-150x150.jpeg\" class=\"attachment-thumbnail size-thumbnail\" alt=\"\" \/><\/a>\n\t\t\t<\/div><\/figure><figure class='gallery-item'>\n\t\t\t<div class='gallery-icon landscape'>\n\t\t\t\t<a href='http:\/\/www.muricionline.com.br\/novo\/?attachment_id=19965'><img loading=\"lazy\" decoding=\"async\" width=\"80\" height=\"80\" src=\"http:\/\/www.muricionline.com.br\/novo\/wp-content\/uploads\/2023\/04\/8EED739B-E153-4E75-8980-EF5ACA097297-150x150.jpeg\" class=\"attachment-thumbnail size-thumbnail\" alt=\"\" \/><\/a>\n\t\t\t<\/div><\/figure><figure class='gallery-item'>\n\t\t\t<div class='gallery-icon landscape'>\n\t\t\t\t<a href='http:\/\/www.muricionline.com.br\/novo\/?attachment_id=19968'><img loading=\"lazy\" decoding=\"async\" width=\"80\" height=\"80\" src=\"http:\/\/www.muricionline.com.br\/novo\/wp-content\/uploads\/2023\/04\/7006F19A-2398-48BB-B5F9-7F9B724D6338-150x150.jpeg\" class=\"attachment-thumbnail size-thumbnail\" alt=\"\" \/><\/a>\n\t\t\t<\/div><\/figure>\n\t\t<\/div>\n\n<span style=\"clear:both;display:none;\"><img src=\"http:\/\/www.muricionline.com.br\/novo\/wp-content\/plugins\/wp-spamfree\/img\/wpsf-img.php\" width=\"0\" height=\"0\" alt=\"\" style=\"border-style:none;width:0px;height:0px;display:none;\" \/><\/span>","protected":false},"excerpt":{"rendered":"<p>Na quinta-feira, 20, a Santa Casa Sem Fronteira promoveu um ciclo de palestra para conscientiza\u00e7\u00e3o sobre o autismo. A a\u00e7\u00e3o que teve a parceria da prefeitura de S\u00e3o Jos\u00e9 da Laje, aconteceu no audit\u00f3rio da secretaria municipal de educa\u00e7\u00e3o e contou a participa\u00e7\u00e3o do presidente da institui\u00e7\u00e3o Lucas Matos, do superintendente Fernando Cunha, al\u00e9m da&#8230;<\/p>\n","protected":false},"author":1,"featured_media":19962,"comment_status":"open","ping_status":"open","sticky":false,"template":"","format":"standard","meta":{"footnotes":""},"categories":[1],"tags":[5],"_links":{"self":[{"href":"http:\/\/www.muricionline.com.br\/novo\/index.php?rest_route=\/wp\/v2\/posts\/19961"}],"collection":[{"href":"http:\/\/www.muricionline.com.br\/novo\/index.php?rest_route=\/wp\/v2\/posts"}],"about":[{"href":"http:\/\/www.muricionline.com.br\/novo\/index.php?rest_route=\/wp\/v2\/types\/post"}],"author":[{"embeddable":true,"href":"http:\/\/www.muricionline.com.br\/novo\/index.php?rest_route=\/wp\/v2\/users\/1"}],"replies":[{"embeddable":true,"href":"http:\/\/www.muricionline.com.br\/novo\/index.php?rest_route=%2Fwp%2Fv2%2Fcomments&post=19961"}],"version-history":[{"count":2,"href":"http:\/\/www.muricionline.com.br\/novo\/index.php?rest_route=\/wp\/v2\/posts\/19961\/revisions"}],"predecessor-version":[{"id":19970,"href":"http:\/\/www.muricionline.com.br\/novo\/index.php?rest_route=\/wp\/v2\/posts\/19961\/revisions\/19970"}],"wp:featuredmedia":[{"embeddable":true,"href":"http:\/\/www.muricionline.com.br\/novo\/index.php?rest_route=\/wp\/v2\/media\/19962"}],"wp:attachment":[{"href":"http:\/\/www.muricionline.com.br\/novo\/index.php?rest_route=%2Fwp%2Fv2%2Fmedia&parent=19961"}],"wp:term":[{"taxonomy":"category","embeddable":true,"href":"http:\/\/www.muricionline.com.br\/novo\/index.php?rest_route=%2Fwp%2Fv2%2Fcategories&post=19961"},{"taxonomy":"post_tag","embeddable":true,"href":"http:\/\/www.muricionline.com.br\/novo\/index.php?rest_route=%2Fwp%2Fv2%2Ftags&post=19961"}],"curies":[{"name":"wp","href":"https:\/\/api.w.org\/{rel}","templated":true}]}}