{"id":19971,"date":"2023-04-23T06:31:21","date_gmt":"2023-04-23T09:31:21","guid":{"rendered":"http:\/\/www.muricionline.com.br\/novo\/?p=19971"},"modified":"2023-04-23T06:33:23","modified_gmt":"2023-04-23T09:33:23","slug":"governo-de-alagoas-realiza-enquete-para-escolha-do-novo-fardamento-da-rede-estadual","status":"publish","type":"post","link":"http:\/\/www.muricionline.com.br\/novo\/?p=19971","title":{"rendered":"Governo de Alagoas realiza enquete para escolha do novo fardamento da rede estadual"},"content":{"rendered":"<p>Como forma de estimular o protagonismo estudantil, o Governo de Alagoas inova mais uma vez ao lan\u00e7ar uma vota\u00e7\u00e3o para a escolha do novo fardamento escolar da rede estadual de ensino. Nesta quinta-feira (20), o governador Paulo Dantas apresentou \u2013 &nbsp;via redes sociais \u2013 as duas op\u00e7\u00f5es para que os estudantes possam escolher o novo fardamento.&nbsp;Os modelos fazem alus\u00e3o \u00e0s cores da bandeira do Estado, enaltecendo o orgulho de ser alagoano e resgatando a cultura local.<\/p>\n<p>Os estudantes poder\u00e3o votar at\u00e9 a pr\u00f3xima ter\u00e7a-feira (25). J\u00e1 no dia seguinte, a farda vencedora ser\u00e1 anunciada pelo pr\u00f3prio governador Paulo Dantas, durante o evento de lan\u00e7amento dos programas Professor Mentor, Vem Que d\u00e1 Tempo e Avan\u00e7a Gr\u00eamio, no Centro de Conven\u00e7\u00f5es Ruth Cardoso, no bairro de Jaragu\u00e1, em Macei\u00f3.<\/p>\n<p>A enquete com as duas op\u00e7\u00f5es de modelos j\u00e1 est\u00e1 dispon\u00edvel no site do Governo de Alagoas<a href=\"https:\/\/alagoas.al.gov.br\/enquete\" target=\"_blank\" rel=\"noopener noreferrer\">(clique aqui).<\/a> Toda a comunidade escolar pode participar da vota\u00e7\u00e3o.<\/p>\n<p><a href=\"http:\/\/www.muricionline.com.br\/novo\/wp-content\/uploads\/2023\/04\/381A5C7A-6755-4A9E-B017-131ACAD40B05.png\"><img loading=\"lazy\" decoding=\"async\" class=\"aligncenter size-full wp-image-19972\" src=\"http:\/\/www.muricionline.com.br\/novo\/wp-content\/uploads\/2023\/04\/381A5C7A-6755-4A9E-B017-131ACAD40B05.png\" alt=\"\" width=\"1920\" height=\"1080\" srcset=\"http:\/\/www.muricionline.com.br\/novo\/wp-content\/uploads\/2023\/04\/381A5C7A-6755-4A9E-B017-131ACAD40B05.png 1920w, http:\/\/www.muricionline.com.br\/novo\/wp-content\/uploads\/2023\/04\/381A5C7A-6755-4A9E-B017-131ACAD40B05-250x141.png 250w, http:\/\/www.muricionline.com.br\/novo\/wp-content\/uploads\/2023\/04\/381A5C7A-6755-4A9E-B017-131ACAD40B05-768x432.png 768w, http:\/\/www.muricionline.com.br\/novo\/wp-content\/uploads\/2023\/04\/381A5C7A-6755-4A9E-B017-131ACAD40B05-400x225.png 400w\" sizes=\"(max-width: 1920px) 100vw, 1920px\" \/><\/a><\/p>\n<p>Com Ag\u00eancia Alagoas&nbsp;<\/p>\n<span style=\"clear:both;display:none;\"><img src=\"http:\/\/www.muricionline.com.br\/novo\/wp-content\/plugins\/wp-spamfree\/img\/wpsf-img.php\" width=\"0\" height=\"0\" alt=\"\" style=\"border-style:none;width:0px;height:0px;display:none;\" \/><\/span>","protected":false},"excerpt":{"rendered":"<p>Como forma de estimular o protagonismo estudantil, o Governo de Alagoas inova mais uma vez ao lan\u00e7ar uma vota\u00e7\u00e3o para a escolha do novo fardamento escolar da rede estadual de ensino. Nesta quinta-feira (20), o governador Paulo Dantas apresentou \u2013 &nbsp;via redes sociais \u2013 as duas op\u00e7\u00f5es para que os estudantes possam escolher o novo&#8230;<\/p>\n","protected":false},"author":1,"featured_media":19973,"comment_status":"open","ping_status":"open","sticky":false,"template":"","format":"standard","meta":{"footnotes":""},"categories":[1],"tags":[5],"_links":{"self":[{"href":"http:\/\/www.muricionline.com.br\/novo\/index.php?rest_route=\/wp\/v2\/posts\/19971"}],"collection":[{"href":"http:\/\/www.muricionline.com.br\/novo\/index.php?rest_route=\/wp\/v2\/posts"}],"about":[{"href":"http:\/\/www.muricionline.com.br\/novo\/index.php?rest_route=\/wp\/v2\/types\/post"}],"author":[{"embeddable":true,"href":"http:\/\/www.muricionline.com.br\/novo\/index.php?rest_route=\/wp\/v2\/users\/1"}],"replies":[{"embeddable":true,"href":"http:\/\/www.muricionline.com.br\/novo\/index.php?rest_route=%2Fwp%2Fv2%2Fcomments&post=19971"}],"version-history":[{"count":1,"href":"http:\/\/www.muricionline.com.br\/novo\/index.php?rest_route=\/wp\/v2\/posts\/19971\/revisions"}],"predecessor-version":[{"id":19974,"href":"http:\/\/www.muricionline.com.br\/novo\/index.php?rest_route=\/wp\/v2\/posts\/19971\/revisions\/19974"}],"wp:featuredmedia":[{"embeddable":true,"href":"http:\/\/www.muricionline.com.br\/novo\/index.php?rest_route=\/wp\/v2\/media\/19973"}],"wp:attachment":[{"href":"http:\/\/www.muricionline.com.br\/novo\/index.php?rest_route=%2Fwp%2Fv2%2Fmedia&parent=19971"}],"wp:term":[{"taxonomy":"category","embeddable":true,"href":"http:\/\/www.muricionline.com.br\/novo\/index.php?rest_route=%2Fwp%2Fv2%2Fcategories&post=19971"},{"taxonomy":"post_tag","embeddable":true,"href":"http:\/\/www.muricionline.com.br\/novo\/index.php?rest_route=%2Fwp%2Fv2%2Ftags&post=19971"}],"curies":[{"name":"wp","href":"https:\/\/api.w.org\/{rel}","templated":true}]}}