{"id":19975,"date":"2023-04-23T06:33:02","date_gmt":"2023-04-23T09:33:02","guid":{"rendered":"http:\/\/www.muricionline.com.br\/novo\/?p=19975"},"modified":"2023-04-23T06:33:02","modified_gmt":"2023-04-23T09:33:02","slug":"governo-vai-renovar-parceria-com-o-unicef-pela-protecao-integral-de-criancas-e-adolescentes","status":"publish","type":"post","link":"http:\/\/www.muricionline.com.br\/novo\/?p=19975","title":{"rendered":"Governo vai renovar parceria com o Unicef pela prote\u00e7\u00e3o integral de crian\u00e7as e adolescentes"},"content":{"rendered":"<p dir=\"ltr\">O governador em exerc\u00edcio, Ronaldo Lessa, esteve reunido com representantes do Fundo das Na\u00e7\u00f5es Unidas para a Inf\u00e2ncia (Unicef) nesta quinta-feira (20). O encontro discutiu a renova\u00e7\u00e3o de um conv\u00eanio com o Governo de Alagoas que visa melhorar a qualidade de vida de crian\u00e7as e adolescentes.&nbsp;<\/p>\n<p dir=\"ltr\">A proposta para potencializar esfor\u00e7os e assegurar o direito ao pleno desenvolvimento e a oportunidades foi apresentada pelo chefe do Unicef para o Semi\u00e1rido Brasileiro Dennis Larsen. Ele prop\u00f4s a elabora\u00e7\u00e3o de uma agenda de converg\u00eancia que garanta essa prote\u00e7\u00e3o.&nbsp;<\/p>\n<p dir=\"ltr\">&nbsp;\u201cO Unicef chega em busca do selo da qualidade de vida da popula\u00e7\u00e3o. N\u00f3s estamos aqui aceitando a proposta. O governador Paulo Dantas j\u00e1 est\u00e1 marcando uma data no m\u00eas de junho para que a gente possa focar em aspectos importantes como combate \u00e0 pobreza, melhoria das condi\u00e7\u00f5es de vida, moradia e n\u00edvel educacional. S\u00e3o fatores m\u00faltiplos que d\u00e3o o \u00edndice geral de qualidade de vida da nossa inf\u00e2ncia e da juventude. \u00c9 fundamental, inclusive, para medir o desenvolvimento social. O governo de Alagoas aceita o desafio e est\u00e1 realmente empenhado para, junto com o Unicef, dar a resposta que a popula\u00e7\u00e3o precisa\u201d, afirmou o governador em exerc\u00edcio.<\/p>\n<p dir=\"ltr\">&nbsp;\u201cEstamos propondo um conv\u00eanio com o Governo do Estado para apoiarmos e mobilizarmos os munic\u00edpios. Num passado recente, Alagoas, em parceria com o Unicef, conseguiu ultrapassar os problemas que tinha de mortalidade infantil. Precisamos novamente desta parceria para a garantia de mais qualidade de vida das crian\u00e7as\u201d, afirmou Larsen.&nbsp;&nbsp;<\/p>\n<p dir=\"ltr\">O governador em exerc\u00edcio lembrou que a citada redu\u00e7\u00e3o da mortalidade infantil aconteceu em sua gest\u00e3o \u00e0 frente do executivo, quando os \u00edndices de redu\u00e7\u00e3o alcan\u00e7aram a m\u00e9dia do Nordeste.<\/p>\n<p dir=\"ltr\">Tamb\u00e9m participaram da reuni\u00e3o a secret\u00e1ria de Assist\u00eancia e Desenvolvimento Social (Seades), K\u00e1tia Born, Claudia Petuba, representando a Secretaria da Primeira Inf\u00e2ncia, e Juliana Vergete, consultora em Sa\u00fade e Desenvolvimento Infantil do Unicef.<\/p>\n<span style=\"clear:both;display:none;\"><img src=\"http:\/\/www.muricionline.com.br\/novo\/wp-content\/plugins\/wp-spamfree\/img\/wpsf-img.php\" width=\"0\" height=\"0\" alt=\"\" style=\"border-style:none;width:0px;height:0px;display:none;\" \/><\/span>","protected":false},"excerpt":{"rendered":"<p>O governador em exerc\u00edcio, Ronaldo Lessa, esteve reunido com representantes do Fundo das Na\u00e7\u00f5es Unidas para a Inf\u00e2ncia (Unicef) nesta quinta-feira (20). O encontro discutiu a renova\u00e7\u00e3o de um conv\u00eanio com o Governo de Alagoas que visa melhorar a qualidade de vida de crian\u00e7as e adolescentes.&nbsp; A proposta para potencializar esfor\u00e7os e assegurar o direito&#8230;<\/p>\n","protected":false},"author":1,"featured_media":19976,"comment_status":"open","ping_status":"open","sticky":false,"template":"","format":"standard","meta":{"footnotes":""},"categories":[1],"tags":[5],"_links":{"self":[{"href":"http:\/\/www.muricionline.com.br\/novo\/index.php?rest_route=\/wp\/v2\/posts\/19975"}],"collection":[{"href":"http:\/\/www.muricionline.com.br\/novo\/index.php?rest_route=\/wp\/v2\/posts"}],"about":[{"href":"http:\/\/www.muricionline.com.br\/novo\/index.php?rest_route=\/wp\/v2\/types\/post"}],"author":[{"embeddable":true,"href":"http:\/\/www.muricionline.com.br\/novo\/index.php?rest_route=\/wp\/v2\/users\/1"}],"replies":[{"embeddable":true,"href":"http:\/\/www.muricionline.com.br\/novo\/index.php?rest_route=%2Fwp%2Fv2%2Fcomments&post=19975"}],"version-history":[{"count":1,"href":"http:\/\/www.muricionline.com.br\/novo\/index.php?rest_route=\/wp\/v2\/posts\/19975\/revisions"}],"predecessor-version":[{"id":19977,"href":"http:\/\/www.muricionline.com.br\/novo\/index.php?rest_route=\/wp\/v2\/posts\/19975\/revisions\/19977"}],"wp:featuredmedia":[{"embeddable":true,"href":"http:\/\/www.muricionline.com.br\/novo\/index.php?rest_route=\/wp\/v2\/media\/19976"}],"wp:attachment":[{"href":"http:\/\/www.muricionline.com.br\/novo\/index.php?rest_route=%2Fwp%2Fv2%2Fmedia&parent=19975"}],"wp:term":[{"taxonomy":"category","embeddable":true,"href":"http:\/\/www.muricionline.com.br\/novo\/index.php?rest_route=%2Fwp%2Fv2%2Fcategories&post=19975"},{"taxonomy":"post_tag","embeddable":true,"href":"http:\/\/www.muricionline.com.br\/novo\/index.php?rest_route=%2Fwp%2Fv2%2Ftags&post=19975"}],"curies":[{"name":"wp","href":"https:\/\/api.w.org\/{rel}","templated":true}]}}