{"id":19978,"date":"2023-04-23T06:47:57","date_gmt":"2023-04-23T09:47:57","guid":{"rendered":"http:\/\/www.muricionline.com.br\/novo\/?p=19978"},"modified":"2023-04-23T06:47:57","modified_gmt":"2023-04-23T09:47:57","slug":"christiane-e-isnaldo-entregam-equipamentos-para-fortalecer-a-saude-assistencia-social-educacao-e-infraestrutura-de-santana","status":"publish","type":"post","link":"http:\/\/www.muricionline.com.br\/novo\/?p=19978","title":{"rendered":"Christiane e Isnaldo entregam equipamentos para fortalecer a Sa\u00fade, Assist\u00eancia Social, Educa\u00e7\u00e3o e Infraestrutura de Santana"},"content":{"rendered":"<p>A prefeita Christiane Bulh\u00f5es e o deputado federal Isnaldo Bulh\u00f5es realizaram nesta sexta-feira (21), terceiro dia de programa\u00e7\u00e3o alusiva aos 148 anos de Emancipa\u00e7\u00e3o Pol\u00edtica de Santana do Ipanema, a entrega de obras e equipamentos nas \u00e1reas da sa\u00fade, assist\u00eancia social, educa\u00e7\u00e3o e infraestrutura.<\/p>\n<p>Durante a manh\u00e3, foram entregues 38 cadeiras de rodas e 1 andador no Centro de Reabilita\u00e7\u00e3o Amaro Caetano, garantindo mais acessibilidade e qualidade de vida para os pacientes da rede municipal de sa\u00fade. Na mesma comunidade eles entregaram a Academia da Sa\u00fade totalmente revitalizada.<\/p>\n<p>A tarde foi marcada pela entrega da reforma e amplia\u00e7\u00e3o da Farm\u00e1cia B\u00e1sica Municipal, obra executada com recursos pr\u00f3prios que vai garantir mais conforto aos usu\u00e1rios que procuram a unidade em busca dos seus medicamentos.<\/p>\n<p>J\u00e1 o bairro Paulo Ferreira, que tem passado por uma verdadeira transforma\u00e7\u00e3o nos \u00faltimos anos, ganhou outro importante equipamento p\u00fablico, a nova sede da Secretaria Municipal do Trabalho, Assist\u00eancia e Desenvolvimento Social.<\/p>\n<p>Ao lado dos vereadores, secret\u00e1rios e toda a comunidade, Christiane e Isnaldo entregaram a Pra\u00e7a Miguel Caetano Silva, no bairro S\u00e3o Jos\u00e9. Uma obra aguardada pelos moradores que foi executada com recursos enviados pelo ex-deputado Olavo Calheiros e contrapartida da Prefeitura de Santana. A pra\u00e7a conta com pista de skate, quadra de areia, playground, academia e espa\u00e7os de conviv\u00eancia.<\/p>\n<p>Encerrando a noite, os secret\u00e1rios de Educa\u00e7\u00e3o, J\u00fanior Genu\u00edno, e de Sa\u00fade, Sibele Arroxellas, receberam das m\u00e3os da prefeita e do deputado as chaves de um caminh\u00e3o ba\u00fa para o transporte da merenda escolar e um Fiat Toro.<\/p>\n<p>&nbsp;<\/p>\n<p>Com Assessoria&nbsp;<\/p>\n<div id='gallery-1' class='gallery galleryid-19978 gallery-columns-3 gallery-size-thumbnail'><figure class='gallery-item'>\n\t\t\t<div class='gallery-icon landscape'>\n\t\t\t\t<a href='http:\/\/www.muricionline.com.br\/novo\/?attachment_id=19979'><img loading=\"lazy\" decoding=\"async\" width=\"80\" height=\"80\" src=\"http:\/\/www.muricionline.com.br\/novo\/wp-content\/uploads\/2023\/04\/5B155D8B-8EE7-4D86-A342-EA6C7D60DBAC-150x150.jpeg\" class=\"attachment-thumbnail size-thumbnail\" alt=\"\" \/><\/a>\n\t\t\t<\/div><\/figure><figure class='gallery-item'>\n\t\t\t<div class='gallery-icon landscape'>\n\t\t\t\t<a href='http:\/\/www.muricionline.com.br\/novo\/?attachment_id=19980'><img loading=\"lazy\" decoding=\"async\" width=\"80\" height=\"80\" src=\"http:\/\/www.muricionline.com.br\/novo\/wp-content\/uploads\/2023\/04\/454FCC78-80B4-4004-904A-02647D1629E0-150x150.jpeg\" class=\"attachment-thumbnail size-thumbnail\" alt=\"\" \/><\/a>\n\t\t\t<\/div><\/figure><figure class='gallery-item'>\n\t\t\t<div class='gallery-icon landscape'>\n\t\t\t\t<a href='http:\/\/www.muricionline.com.br\/novo\/?attachment_id=19981'><img loading=\"lazy\" decoding=\"async\" width=\"80\" height=\"80\" src=\"http:\/\/www.muricionline.com.br\/novo\/wp-content\/uploads\/2023\/04\/E4EF313B-D937-4756-BD7E-C0E5FAA350B9-150x150.jpeg\" class=\"attachment-thumbnail size-thumbnail\" alt=\"\" \/><\/a>\n\t\t\t<\/div><\/figure><figure class='gallery-item'>\n\t\t\t<div class='gallery-icon landscape'>\n\t\t\t\t<a href='http:\/\/www.muricionline.com.br\/novo\/?attachment_id=19982'><img loading=\"lazy\" decoding=\"async\" width=\"80\" height=\"80\" src=\"http:\/\/www.muricionline.com.br\/novo\/wp-content\/uploads\/2023\/04\/F9BEE2D7-43BE-4EFA-A34C-083B2D6DFED2-150x150.jpeg\" class=\"attachment-thumbnail size-thumbnail\" alt=\"\" \/><\/a>\n\t\t\t<\/div><\/figure><figure class='gallery-item'>\n\t\t\t<div class='gallery-icon landscape'>\n\t\t\t\t<a href='http:\/\/www.muricionline.com.br\/novo\/?attachment_id=19983'><img loading=\"lazy\" decoding=\"async\" width=\"80\" height=\"80\" src=\"http:\/\/www.muricionline.com.br\/novo\/wp-content\/uploads\/2023\/04\/2819FEC2-CAD1-4C65-B4E1-0015F94AA29C-150x150.jpeg\" class=\"attachment-thumbnail size-thumbnail\" alt=\"\" \/><\/a>\n\t\t\t<\/div><\/figure><figure class='gallery-item'>\n\t\t\t<div class='gallery-icon landscape'>\n\t\t\t\t<a href='http:\/\/www.muricionline.com.br\/novo\/?attachment_id=19984'><img loading=\"lazy\" decoding=\"async\" width=\"80\" height=\"80\" src=\"http:\/\/www.muricionline.com.br\/novo\/wp-content\/uploads\/2023\/04\/4891EF88-5BC6-4A0A-95EF-06966824784D-150x150.jpeg\" class=\"attachment-thumbnail size-thumbnail\" alt=\"\" \/><\/a>\n\t\t\t<\/div><\/figure><figure class='gallery-item'>\n\t\t\t<div class='gallery-icon landscape'>\n\t\t\t\t<a href='http:\/\/www.muricionline.com.br\/novo\/?attachment_id=19985'><img loading=\"lazy\" decoding=\"async\" width=\"80\" height=\"80\" src=\"http:\/\/www.muricionline.com.br\/novo\/wp-content\/uploads\/2023\/04\/26EA4B74-1ACE-405E-873C-CECA50741BEB-150x150.jpeg\" class=\"attachment-thumbnail size-thumbnail\" alt=\"\" \/><\/a>\n\t\t\t<\/div><\/figure><figure class='gallery-item'>\n\t\t\t<div class='gallery-icon landscape'>\n\t\t\t\t<a href='http:\/\/www.muricionline.com.br\/novo\/?attachment_id=19986'><img loading=\"lazy\" decoding=\"async\" width=\"80\" height=\"80\" src=\"http:\/\/www.muricionline.com.br\/novo\/wp-content\/uploads\/2023\/04\/94CC56C4-39BA-482E-A688-72252DB9C3CF-150x150.jpeg\" class=\"attachment-thumbnail size-thumbnail\" alt=\"\" \/><\/a>\n\t\t\t<\/div><\/figure><figure class='gallery-item'>\n\t\t\t<div class='gallery-icon landscape'>\n\t\t\t\t<a href='http:\/\/www.muricionline.com.br\/novo\/?attachment_id=19987'><img loading=\"lazy\" decoding=\"async\" width=\"80\" height=\"80\" src=\"http:\/\/www.muricionline.com.br\/novo\/wp-content\/uploads\/2023\/04\/ACBAFF67-E5B1-400A-AC97-3A985B6B6C45-150x150.jpeg\" class=\"attachment-thumbnail size-thumbnail\" alt=\"\" \/><\/a>\n\t\t\t<\/div><\/figure><figure class='gallery-item'>\n\t\t\t<div class='gallery-icon landscape'>\n\t\t\t\t<a href='http:\/\/www.muricionline.com.br\/novo\/?attachment_id=19988'><img loading=\"lazy\" decoding=\"async\" width=\"80\" height=\"80\" src=\"http:\/\/www.muricionline.com.br\/novo\/wp-content\/uploads\/2023\/04\/25C3613F-0033-45C8-9830-A68753A4568F-150x150.jpeg\" class=\"attachment-thumbnail size-thumbnail\" alt=\"\" \/><\/a>\n\t\t\t<\/div><\/figure><figure class='gallery-item'>\n\t\t\t<div class='gallery-icon landscape'>\n\t\t\t\t<a href='http:\/\/www.muricionline.com.br\/novo\/?attachment_id=19989'><img loading=\"lazy\" decoding=\"async\" width=\"80\" height=\"80\" src=\"http:\/\/www.muricionline.com.br\/novo\/wp-content\/uploads\/2023\/04\/E88B08AA-59CB-4BA3-9870-F23C1870AAD6-150x150.jpeg\" class=\"attachment-thumbnail size-thumbnail\" alt=\"\" \/><\/a>\n\t\t\t<\/div><\/figure>\n\t\t<\/div>\n\n<span style=\"clear:both;display:none;\"><img src=\"http:\/\/www.muricionline.com.br\/novo\/wp-content\/plugins\/wp-spamfree\/img\/wpsf-img.php\" width=\"0\" height=\"0\" alt=\"\" style=\"border-style:none;width:0px;height:0px;display:none;\" \/><\/span>","protected":false},"excerpt":{"rendered":"<p>A prefeita Christiane Bulh\u00f5es e o deputado federal Isnaldo Bulh\u00f5es realizaram nesta sexta-feira (21), terceiro dia de programa\u00e7\u00e3o alusiva aos 148 anos de Emancipa\u00e7\u00e3o Pol\u00edtica de Santana do Ipanema, a entrega de obras e equipamentos nas \u00e1reas da sa\u00fade, assist\u00eancia social, educa\u00e7\u00e3o e infraestrutura. Durante a manh\u00e3, foram entregues 38 cadeiras de rodas e 1&#8230;<\/p>\n","protected":false},"author":1,"featured_media":19988,"comment_status":"open","ping_status":"open","sticky":false,"template":"","format":"standard","meta":{"footnotes":""},"categories":[7,1],"tags":[5],"_links":{"self":[{"href":"http:\/\/www.muricionline.com.br\/novo\/index.php?rest_route=\/wp\/v2\/posts\/19978"}],"collection":[{"href":"http:\/\/www.muricionline.com.br\/novo\/index.php?rest_route=\/wp\/v2\/posts"}],"about":[{"href":"http:\/\/www.muricionline.com.br\/novo\/index.php?rest_route=\/wp\/v2\/types\/post"}],"author":[{"embeddable":true,"href":"http:\/\/www.muricionline.com.br\/novo\/index.php?rest_route=\/wp\/v2\/users\/1"}],"replies":[{"embeddable":true,"href":"http:\/\/www.muricionline.com.br\/novo\/index.php?rest_route=%2Fwp%2Fv2%2Fcomments&post=19978"}],"version-history":[{"count":1,"href":"http:\/\/www.muricionline.com.br\/novo\/index.php?rest_route=\/wp\/v2\/posts\/19978\/revisions"}],"predecessor-version":[{"id":19990,"href":"http:\/\/www.muricionline.com.br\/novo\/index.php?rest_route=\/wp\/v2\/posts\/19978\/revisions\/19990"}],"wp:featuredmedia":[{"embeddable":true,"href":"http:\/\/www.muricionline.com.br\/novo\/index.php?rest_route=\/wp\/v2\/media\/19988"}],"wp:attachment":[{"href":"http:\/\/www.muricionline.com.br\/novo\/index.php?rest_route=%2Fwp%2Fv2%2Fmedia&parent=19978"}],"wp:term":[{"taxonomy":"category","embeddable":true,"href":"http:\/\/www.muricionline.com.br\/novo\/index.php?rest_route=%2Fwp%2Fv2%2Fcategories&post=19978"},{"taxonomy":"post_tag","embeddable":true,"href":"http:\/\/www.muricionline.com.br\/novo\/index.php?rest_route=%2Fwp%2Fv2%2Ftags&post=19978"}],"curies":[{"name":"wp","href":"https:\/\/api.w.org\/{rel}","templated":true}]}}