{"id":19995,"date":"2023-04-24T23:05:50","date_gmt":"2023-04-25T02:05:50","guid":{"rendered":"http:\/\/www.muricionline.com.br\/novo\/?p=19995"},"modified":"2023-04-24T23:05:50","modified_gmt":"2023-04-25T02:05:50","slug":"governo-estuda-ampliacao-de-servicos-digitais-em-alagoas","status":"publish","type":"post","link":"http:\/\/www.muricionline.com.br\/novo\/?p=19995","title":{"rendered":"Governo estuda amplia\u00e7\u00e3o de servi\u00e7os digitais em Alagoas"},"content":{"rendered":"<p>O governador Paulo Dantas conheceu nesta quinta-feira (20) o modelo aplicado pelo governo do Uruguai que tornou o pa\u00eds refer\u00eancia mundial em transforma\u00e7\u00e3o digital. Em reuni\u00e3o com representantes da Administra\u00e7\u00e3o Nacional de Telecomunica\u00e7\u00f5es \u2013 ANTEL, ele apresentou o programa Alagoas Mais Digital, iniciativa pela qual o Estado deseja avan\u00e7ar na implanta\u00e7\u00e3o de sistemas digitais de ofertas de servi\u00e7os, bem como facilitar o acesso da popula\u00e7\u00e3o \u00e0 informa\u00e7\u00e3o, garantindo a seguran\u00e7a dos dados dos cidad\u00e3os.<\/p>\n<p>A iniciativa busca avan\u00e7ar na consolida\u00e7\u00e3o dos certificados digitais integrados ao <a href=\"https:\/\/alagoas.al.gov.br\/noticia\/Gov.BR\" target=\"_blank\" rel=\"noopener noreferrer\">Gov.BR<\/a>. Na pr\u00e1tica, o alagoano ter\u00e1 uma identidade digital, com o mesmo reconhecimento do documento em c\u00e9dula, mas com mais camadas de seguran\u00e7a, com valida\u00e7\u00e3o de senhas e leitura biom\u00e9trica\u201d.&nbsp;<\/p>\n<p>\u201cEstamos aqui porque acreditamos que o Uruguai tem muito a nos oferecer nessa \u00e1rea de transforma\u00e7\u00e3o digital. Estamos com o Alagoas Mais Digital que tem justamente esses objetivos: melhorarmos o nosso n\u00edvel de governan\u00e7a; a nossa seguran\u00e7a digital; o nosso servi\u00e7o em todas as \u00e1reas da sa\u00fade e da educa\u00e7\u00e3o e viemos tratar justamente disso\u201d, afirmou o governador.<\/p>\n<p><img decoding=\"async\" src=\"http:\/\/alagoas.al.gov.br\/imagens\/conteudos\/7287f0f31451a9bad3a02d9416a26894\/\/WhatsApp%20Image%202023-04-20%20at%2011.56.32.jpeg\"><\/p>\n<p>\u201cO BID tem nos dado um apoio extraordin\u00e1rio com sua equipe qualificada e tamb\u00e9m como aporte de recursos que vai fazer acreditando no trabalho s\u00e9rio que o governo de Alagoas vem fazendo ao longo desses anos. A partir dessas iniciativas que estamos fazendo, buscando o que tem de melhor no mundo, tenho certeza que n\u00f3s vamos conseguir levar esses servi\u00e7os para a popula\u00e7\u00e3o\u201d, destacou o governador.<\/p>\n<p><b>AVAN\u00c7OS<\/b><\/p>\n<p>Hoje com o <a href=\"https:\/\/alagoas.al.gov.br\/noticia\/Gov.br\" target=\"_blank\" rel=\"noopener noreferrer\">Gov.br<\/a>, sistema nacional, o Governo de Alagoas espera estar alinhado e poder elevar um n\u00famero relevante de alagoanos para o padr\u00e3o ouro, garantindo mais seguran\u00e7a e mais servi\u00e7os para o cidad\u00e3o. O desafio \u00e9 respeitar a Lei Geral de Prote\u00e7\u00e3o de Dados (LGPD).&nbsp;Na oportunidade, o governador tamb\u00e9m acompanhou um debate sobre a seguran\u00e7a digital e prote\u00e7\u00e3o de dados dos cidad\u00e3os alagoanos, inclusive com a instala\u00e7\u00e3o de um data center e conex\u00e3o de fibra \u00f3tica.<\/p>\n<p>Tamb\u00e9m participam da Miss\u00e3o Uruguai a primeira-dama Marina Dantas, as secret\u00e1rias Luiza Barreiros (Gabinete Civil), Renata Santos (Fazenda), Samya Suruagy (PGE) e os secret\u00e1rios Gabriel Albino (Planejamento), Vitor Pereira (Governo), Silvio Bulh\u00f5es (Tecnologia), o secret\u00e1rio executivo Wendel Palhares (Comunica\u00e7\u00e3o), o diretor-presidente do ITEC, Christiano Mendon\u00e7a, al\u00e9m do procurador do Estado Luiz Vale. Pelo Legislativo, o presidente Marcelo Victor e o deputado estadual Ronaldo Medeiros. Parte dos custos da viagem internacional ser\u00e1 paga pelo BID.<\/p>\n<p>&nbsp;<\/p>\n<p>Com Ag\u00eancia Alagoas&nbsp;<\/p>\n<span style=\"clear:both;display:none;\"><img src=\"http:\/\/www.muricionline.com.br\/novo\/wp-content\/plugins\/wp-spamfree\/img\/wpsf-img.php\" width=\"0\" height=\"0\" alt=\"\" style=\"border-style:none;width:0px;height:0px;display:none;\" \/><\/span>","protected":false},"excerpt":{"rendered":"<p>O governador Paulo Dantas conheceu nesta quinta-feira (20) o modelo aplicado pelo governo do Uruguai que tornou o pa\u00eds refer\u00eancia mundial em transforma\u00e7\u00e3o digital. Em reuni\u00e3o com representantes da Administra\u00e7\u00e3o Nacional de Telecomunica\u00e7\u00f5es \u2013 ANTEL, ele apresentou o programa Alagoas Mais Digital, iniciativa pela qual o Estado deseja avan\u00e7ar na implanta\u00e7\u00e3o de sistemas digitais de&#8230;<\/p>\n","protected":false},"author":1,"featured_media":19996,"comment_status":"open","ping_status":"open","sticky":false,"template":"","format":"standard","meta":{"footnotes":""},"categories":[1],"tags":[5],"_links":{"self":[{"href":"http:\/\/www.muricionline.com.br\/novo\/index.php?rest_route=\/wp\/v2\/posts\/19995"}],"collection":[{"href":"http:\/\/www.muricionline.com.br\/novo\/index.php?rest_route=\/wp\/v2\/posts"}],"about":[{"href":"http:\/\/www.muricionline.com.br\/novo\/index.php?rest_route=\/wp\/v2\/types\/post"}],"author":[{"embeddable":true,"href":"http:\/\/www.muricionline.com.br\/novo\/index.php?rest_route=\/wp\/v2\/users\/1"}],"replies":[{"embeddable":true,"href":"http:\/\/www.muricionline.com.br\/novo\/index.php?rest_route=%2Fwp%2Fv2%2Fcomments&post=19995"}],"version-history":[{"count":1,"href":"http:\/\/www.muricionline.com.br\/novo\/index.php?rest_route=\/wp\/v2\/posts\/19995\/revisions"}],"predecessor-version":[{"id":19997,"href":"http:\/\/www.muricionline.com.br\/novo\/index.php?rest_route=\/wp\/v2\/posts\/19995\/revisions\/19997"}],"wp:featuredmedia":[{"embeddable":true,"href":"http:\/\/www.muricionline.com.br\/novo\/index.php?rest_route=\/wp\/v2\/media\/19996"}],"wp:attachment":[{"href":"http:\/\/www.muricionline.com.br\/novo\/index.php?rest_route=%2Fwp%2Fv2%2Fmedia&parent=19995"}],"wp:term":[{"taxonomy":"category","embeddable":true,"href":"http:\/\/www.muricionline.com.br\/novo\/index.php?rest_route=%2Fwp%2Fv2%2Fcategories&post=19995"},{"taxonomy":"post_tag","embeddable":true,"href":"http:\/\/www.muricionline.com.br\/novo\/index.php?rest_route=%2Fwp%2Fv2%2Ftags&post=19995"}],"curies":[{"name":"wp","href":"https:\/\/api.w.org\/{rel}","templated":true}]}}