{"id":19998,"date":"2023-04-24T23:19:02","date_gmt":"2023-04-25T02:19:02","guid":{"rendered":"http:\/\/www.muricionline.com.br\/novo\/?p=19998"},"modified":"2023-04-24T23:19:02","modified_gmt":"2023-04-25T02:19:02","slug":"acoes-de-combate-a-violencia-infantil-sao-apresentadas-na-ama","status":"publish","type":"post","link":"http:\/\/www.muricionline.com.br\/novo\/?p=19998","title":{"rendered":"A\u00e7\u00f5es de combate \u00e0 viol\u00eancia infantil s\u00e3o apresentadas na AMA"},"content":{"rendered":"<p>A import\u00e2ncia das a\u00e7\u00f5es na primeira inf\u00e2ncia s\u00e3o fundamentais para o combate a viol\u00eancia infantil. Unir esse trabalho a um pacto de enfrentamento aos problemas das mulheres alinhado aos munic\u00edpios foi a pauta da reuni\u00e3o da AMA desta segunda, com a participa\u00e7\u00e3o das secret\u00e1rias da Inf\u00e2ncia, Paula Dantas e da Mulher, Maria Jos\u00e9 da Silva.<\/p>\n<p>O presidente Hugo Wanderley defende essa uni\u00e3o entre os munic\u00edpios e o Estado para que as pol\u00edticas p\u00fablicas avancem, principalmente as quest\u00f5es sociais.<\/p>\n<p>Paula Dantas detalhou o planejamento de trabalho que inclui quatro projetos fundamentais: prioridade absoluta para crian\u00e7as na primeira inf\u00e2ncia; investimento em pol\u00edticas para m\u00e3es; combate as desigualdades sociais e raciais e olhar atento para as quest\u00f5es regionais e territoriais.<\/p>\n<p>Investir em transfer\u00eancia de renda, na visita\u00e7\u00e3o domiciliar, esquema vacinal e na educa\u00e7\u00e3o s\u00e3o itens que comp\u00f5em esse leque de a\u00e7\u00f5es fundamentais que podem evitar o trabalho infantil, a explora\u00e7\u00e3o sexual.<\/p>\n<p>O combate \u00e0 viol\u00eancia infantil tamb\u00e9m come\u00e7a quando se investe na prote\u00e7\u00e3o a mulher. Por essa raz\u00e3o a secret\u00e1ria da Mulher, Maria Jos\u00e9 da Silva est\u00e1 participando desse projeto com a\u00e7\u00f5es educativas, nas escolas, para socializar informa\u00e7\u00f5es acerca da viol\u00eancia dom\u00e9stica. Ser\u00e3o desenvolvidos materiais de apoio para auxiliar professores, servidores e l\u00edderes, n\u00e3o s\u00f3 para serem multiplicadores do conhecimento acerca da Lei Maria da Penha, mas para estarem capacitados sobre o que fazer nos casos de viol\u00eancia \u00e0 mulher.<\/p>\n<p>Munic\u00edpios e Estado ter\u00e3o um termo de coopera\u00e7\u00e3o para implementar as metas do programa em conjunto com as secretarias municipais. O presidente da AMA, Hugo Wanderley classifica como \u201cimportante\u201d esse alinhamento para que as pol\u00edticas p\u00fablicas tenham efetividade.<\/p>\n<p>A presidente do Coegemas, Gizelda Lins garantiu que o Conselho vai atuar nessa parceria pela import\u00e2ncia que o governo estadual tem, diante do atual subfinanciamento dos programas federais.<\/p>\n<p>&nbsp;<\/p>\n<p>Com AMA<\/p>\n<span style=\"clear:both;display:none;\"><img src=\"http:\/\/www.muricionline.com.br\/novo\/wp-content\/plugins\/wp-spamfree\/img\/wpsf-img.php\" width=\"0\" height=\"0\" alt=\"\" style=\"border-style:none;width:0px;height:0px;display:none;\" \/><\/span>","protected":false},"excerpt":{"rendered":"<p>A import\u00e2ncia das a\u00e7\u00f5es na primeira inf\u00e2ncia s\u00e3o fundamentais para o combate a viol\u00eancia infantil. Unir esse trabalho a um pacto de enfrentamento aos problemas das mulheres alinhado aos munic\u00edpios foi a pauta da reuni\u00e3o da AMA desta segunda, com a participa\u00e7\u00e3o das secret\u00e1rias da Inf\u00e2ncia, Paula Dantas e da Mulher, Maria Jos\u00e9 da Silva&#8230;.<\/p>\n","protected":false},"author":1,"featured_media":19999,"comment_status":"open","ping_status":"open","sticky":false,"template":"","format":"standard","meta":{"footnotes":""},"categories":[1],"tags":[5],"_links":{"self":[{"href":"http:\/\/www.muricionline.com.br\/novo\/index.php?rest_route=\/wp\/v2\/posts\/19998"}],"collection":[{"href":"http:\/\/www.muricionline.com.br\/novo\/index.php?rest_route=\/wp\/v2\/posts"}],"about":[{"href":"http:\/\/www.muricionline.com.br\/novo\/index.php?rest_route=\/wp\/v2\/types\/post"}],"author":[{"embeddable":true,"href":"http:\/\/www.muricionline.com.br\/novo\/index.php?rest_route=\/wp\/v2\/users\/1"}],"replies":[{"embeddable":true,"href":"http:\/\/www.muricionline.com.br\/novo\/index.php?rest_route=%2Fwp%2Fv2%2Fcomments&post=19998"}],"version-history":[{"count":1,"href":"http:\/\/www.muricionline.com.br\/novo\/index.php?rest_route=\/wp\/v2\/posts\/19998\/revisions"}],"predecessor-version":[{"id":20000,"href":"http:\/\/www.muricionline.com.br\/novo\/index.php?rest_route=\/wp\/v2\/posts\/19998\/revisions\/20000"}],"wp:featuredmedia":[{"embeddable":true,"href":"http:\/\/www.muricionline.com.br\/novo\/index.php?rest_route=\/wp\/v2\/media\/19999"}],"wp:attachment":[{"href":"http:\/\/www.muricionline.com.br\/novo\/index.php?rest_route=%2Fwp%2Fv2%2Fmedia&parent=19998"}],"wp:term":[{"taxonomy":"category","embeddable":true,"href":"http:\/\/www.muricionline.com.br\/novo\/index.php?rest_route=%2Fwp%2Fv2%2Fcategories&post=19998"},{"taxonomy":"post_tag","embeddable":true,"href":"http:\/\/www.muricionline.com.br\/novo\/index.php?rest_route=%2Fwp%2Fv2%2Ftags&post=19998"}],"curies":[{"name":"wp","href":"https:\/\/api.w.org\/{rel}","templated":true}]}}