{"id":20005,"date":"2023-04-25T09:58:03","date_gmt":"2023-04-25T12:58:03","guid":{"rendered":"http:\/\/www.muricionline.com.br\/novo\/?p=20005"},"modified":"2023-04-25T09:58:03","modified_gmt":"2023-04-25T12:58:03","slug":"sao-jose-da-laje-tera-neuropediatra-exclusivo-para-atender-criancas-autistas-e-tdah","status":"publish","type":"post","link":"http:\/\/www.muricionline.com.br\/novo\/?p=20005","title":{"rendered":"S\u00e3o Jos\u00e9 da Laje ter\u00e1 neuropediatra exclusivo para atender crian\u00e7as autistas e TDAH"},"content":{"rendered":"<p>A Prefeita de S\u00e3o Jos\u00e9 da Laje, Angela Vanessa, abra\u00e7ou a causa autista e vem anunciando com frequ\u00eancias benef\u00edcios que favorecem, d\u00e3o apoio, assist\u00eancia e cuidados com crian\u00e7as autistas ou portadoras de TDAH.<\/p>\n<p>Nos \u00faltimos meses a Laje vem se tornando refer\u00eancia na aten\u00e7\u00e3o e cuidados com a causa; isso porque a prefeita tem se mostrado cada vez mais sens\u00edvel e resolutiva em alternativas para atendimentos mais humanizados com esse p\u00fablico.<\/p>\n<p>Nesta segunda-feira, 24\/04 ela anunciou em suas redes sociais a contrata\u00e7\u00e3o de 1 m\u00e9dico neuropediatra, profissional especialista na causa e muito dif\u00edcil de ser encontrado seja no atendimento na rede p\u00fablica ou privada.<\/p>\n<p>Semana passada a prefeita trouxe a Dra m\u00e9dica Mar\u00edlia Zatoreli , ativista pro- autismo, para capacitar profissionais do munic\u00edpio que lidam diretamente com crian\u00e7as autistas em suas \u00e1reas : sa\u00fade, educa\u00e7\u00e3o e assist\u00eancia social.<\/p>\n<p>Vanessa Implantou na cidade uma central para tratamento do autismo e contratou uma s\u00e9rie de profissionais para trabalhar exclusivamente com esse p\u00fablico: fonoaudi\u00f3logos, psic\u00f3logos, terapeutas ocupacionais, nutricionistas, fisioterapeutas.<\/p>\n<p>A prefeita tamb\u00e9m tem participado de reuni\u00f5es com pais, e profissionais da sa\u00fade, fortalecido seu discurso na luta contra o preconceito com pessoas autistas. \u201c \u00c9 algo novo para todo mundo, mas estamos vendo e acompanhando a evolu\u00e7\u00e3o dos portadores de autismo ap\u00f3s cada consulta e sess\u00e3o. S\u00e3o pessoas mega inteligentes que precisam de cuidado e aten\u00e7\u00e3o, a gente precisa incluir essas pessoas na sociedade, todo preconceito \u00e9 falta de conhecimento de nossa parte, quando voc\u00ea passa a conviver mais com essas pessoas, percebe o quanto \u00e9 essencial e importante o tratamento para o desenvolvimento delas.\u201dDestacou Angela Vanessa.<\/p>\n<p>Ainda de acordo com a chefe do executivo a contrata\u00e7\u00e3o foi necess\u00e1ria pelo aumento da procura por pa\u00eds e m\u00e3es de crian\u00e7as, e a pouca quantidade de vagas ofertadas no sistema \u00fanico de sa\u00fade, agora a Laje ter\u00e1 vagas exclusivas, e mais agilidade no tratamento.<\/p>\n<p>&nbsp;<\/p>\n<p>Com Assessoria&nbsp;<\/p>\n<p><a href=\"http:\/\/www.muricionline.com.br\/novo\/wp-content\/uploads\/2023\/04\/727FF040-B3DA-4435-9BC9-2D54DA6B2C17.jpeg\"><img loading=\"lazy\" decoding=\"async\" class=\"aligncenter size-full wp-image-20007\" src=\"http:\/\/www.muricionline.com.br\/novo\/wp-content\/uploads\/2023\/04\/727FF040-B3DA-4435-9BC9-2D54DA6B2C17.jpeg\" alt=\"\" width=\"1024\" height=\"672\" srcset=\"http:\/\/www.muricionline.com.br\/novo\/wp-content\/uploads\/2023\/04\/727FF040-B3DA-4435-9BC9-2D54DA6B2C17.jpeg 1024w, http:\/\/www.muricionline.com.br\/novo\/wp-content\/uploads\/2023\/04\/727FF040-B3DA-4435-9BC9-2D54DA6B2C17-250x164.jpeg 250w, http:\/\/www.muricionline.com.br\/novo\/wp-content\/uploads\/2023\/04\/727FF040-B3DA-4435-9BC9-2D54DA6B2C17-768x504.jpeg 768w, http:\/\/www.muricionline.com.br\/novo\/wp-content\/uploads\/2023\/04\/727FF040-B3DA-4435-9BC9-2D54DA6B2C17-400x263.jpeg 400w\" sizes=\"(max-width: 1024px) 100vw, 1024px\" \/><\/a> <a href=\"http:\/\/www.muricionline.com.br\/novo\/wp-content\/uploads\/2023\/04\/98A19480-0758-4BE6-BDD4-E32698EE1E66.jpeg\"><img loading=\"lazy\" decoding=\"async\" class=\"aligncenter size-full wp-image-20008\" src=\"http:\/\/www.muricionline.com.br\/novo\/wp-content\/uploads\/2023\/04\/98A19480-0758-4BE6-BDD4-E32698EE1E66.jpeg\" alt=\"\" width=\"1024\" height=\"660\" srcset=\"http:\/\/www.muricionline.com.br\/novo\/wp-content\/uploads\/2023\/04\/98A19480-0758-4BE6-BDD4-E32698EE1E66.jpeg 1024w, http:\/\/www.muricionline.com.br\/novo\/wp-content\/uploads\/2023\/04\/98A19480-0758-4BE6-BDD4-E32698EE1E66-250x161.jpeg 250w, http:\/\/www.muricionline.com.br\/novo\/wp-content\/uploads\/2023\/04\/98A19480-0758-4BE6-BDD4-E32698EE1E66-768x495.jpeg 768w, http:\/\/www.muricionline.com.br\/novo\/wp-content\/uploads\/2023\/04\/98A19480-0758-4BE6-BDD4-E32698EE1E66-400x258.jpeg 400w\" sizes=\"(max-width: 1024px) 100vw, 1024px\" \/><\/a> <a href=\"http:\/\/www.muricionline.com.br\/novo\/wp-content\/uploads\/2023\/04\/45E3C96B-F6BE-4952-87A2-7C9D2A10264D.jpeg\"><img loading=\"lazy\" decoding=\"async\" class=\"aligncenter size-full wp-image-20009\" src=\"http:\/\/www.muricionline.com.br\/novo\/wp-content\/uploads\/2023\/04\/45E3C96B-F6BE-4952-87A2-7C9D2A10264D.jpeg\" alt=\"\" width=\"1024\" height=\"646\" srcset=\"http:\/\/www.muricionline.com.br\/novo\/wp-content\/uploads\/2023\/04\/45E3C96B-F6BE-4952-87A2-7C9D2A10264D.jpeg 1024w, http:\/\/www.muricionline.com.br\/novo\/wp-content\/uploads\/2023\/04\/45E3C96B-F6BE-4952-87A2-7C9D2A10264D-250x158.jpeg 250w, http:\/\/www.muricionline.com.br\/novo\/wp-content\/uploads\/2023\/04\/45E3C96B-F6BE-4952-87A2-7C9D2A10264D-768x485.jpeg 768w, http:\/\/www.muricionline.com.br\/novo\/wp-content\/uploads\/2023\/04\/45E3C96B-F6BE-4952-87A2-7C9D2A10264D-400x252.jpeg 400w\" sizes=\"(max-width: 1024px) 100vw, 1024px\" \/><\/a> <a href=\"http:\/\/www.muricionline.com.br\/novo\/wp-content\/uploads\/2023\/04\/2D12B7ED-FDE4-4FC0-9D53-7D800B4F56BC.jpeg\"><img loading=\"lazy\" decoding=\"async\" class=\"aligncenter size-full wp-image-20010\" src=\"http:\/\/www.muricionline.com.br\/novo\/wp-content\/uploads\/2023\/04\/2D12B7ED-FDE4-4FC0-9D53-7D800B4F56BC.jpeg\" alt=\"\" width=\"1024\" height=\"652\" srcset=\"http:\/\/www.muricionline.com.br\/novo\/wp-content\/uploads\/2023\/04\/2D12B7ED-FDE4-4FC0-9D53-7D800B4F56BC.jpeg 1024w, http:\/\/www.muricionline.com.br\/novo\/wp-content\/uploads\/2023\/04\/2D12B7ED-FDE4-4FC0-9D53-7D800B4F56BC-250x159.jpeg 250w, http:\/\/www.muricionline.com.br\/novo\/wp-content\/uploads\/2023\/04\/2D12B7ED-FDE4-4FC0-9D53-7D800B4F56BC-768x489.jpeg 768w, http:\/\/www.muricionline.com.br\/novo\/wp-content\/uploads\/2023\/04\/2D12B7ED-FDE4-4FC0-9D53-7D800B4F56BC-400x255.jpeg 400w\" sizes=\"(max-width: 1024px) 100vw, 1024px\" \/><\/a><\/p>\n<span style=\"clear:both;display:none;\"><img src=\"http:\/\/www.muricionline.com.br\/novo\/wp-content\/plugins\/wp-spamfree\/img\/wpsf-img.php\" width=\"0\" height=\"0\" alt=\"\" style=\"border-style:none;width:0px;height:0px;display:none;\" \/><\/span>","protected":false},"excerpt":{"rendered":"<p>A Prefeita de S\u00e3o Jos\u00e9 da Laje, Angela Vanessa, abra\u00e7ou a causa autista e vem anunciando com frequ\u00eancias benef\u00edcios que favorecem, d\u00e3o apoio, assist\u00eancia e cuidados com crian\u00e7as autistas ou portadoras de TDAH. Nos \u00faltimos meses a Laje vem se tornando refer\u00eancia na aten\u00e7\u00e3o e cuidados com a causa; isso porque a prefeita tem se&#8230;<\/p>\n","protected":false},"author":1,"featured_media":20006,"comment_status":"open","ping_status":"open","sticky":false,"template":"","format":"standard","meta":{"footnotes":""},"categories":[1],"tags":[5],"_links":{"self":[{"href":"http:\/\/www.muricionline.com.br\/novo\/index.php?rest_route=\/wp\/v2\/posts\/20005"}],"collection":[{"href":"http:\/\/www.muricionline.com.br\/novo\/index.php?rest_route=\/wp\/v2\/posts"}],"about":[{"href":"http:\/\/www.muricionline.com.br\/novo\/index.php?rest_route=\/wp\/v2\/types\/post"}],"author":[{"embeddable":true,"href":"http:\/\/www.muricionline.com.br\/novo\/index.php?rest_route=\/wp\/v2\/users\/1"}],"replies":[{"embeddable":true,"href":"http:\/\/www.muricionline.com.br\/novo\/index.php?rest_route=%2Fwp%2Fv2%2Fcomments&post=20005"}],"version-history":[{"count":1,"href":"http:\/\/www.muricionline.com.br\/novo\/index.php?rest_route=\/wp\/v2\/posts\/20005\/revisions"}],"predecessor-version":[{"id":20011,"href":"http:\/\/www.muricionline.com.br\/novo\/index.php?rest_route=\/wp\/v2\/posts\/20005\/revisions\/20011"}],"wp:featuredmedia":[{"embeddable":true,"href":"http:\/\/www.muricionline.com.br\/novo\/index.php?rest_route=\/wp\/v2\/media\/20006"}],"wp:attachment":[{"href":"http:\/\/www.muricionline.com.br\/novo\/index.php?rest_route=%2Fwp%2Fv2%2Fmedia&parent=20005"}],"wp:term":[{"taxonomy":"category","embeddable":true,"href":"http:\/\/www.muricionline.com.br\/novo\/index.php?rest_route=%2Fwp%2Fv2%2Fcategories&post=20005"},{"taxonomy":"post_tag","embeddable":true,"href":"http:\/\/www.muricionline.com.br\/novo\/index.php?rest_route=%2Fwp%2Fv2%2Ftags&post=20005"}],"curies":[{"name":"wp","href":"https:\/\/api.w.org\/{rel}","templated":true}]}}