{"id":20015,"date":"2023-04-25T15:51:07","date_gmt":"2023-04-25T18:51:07","guid":{"rendered":"http:\/\/www.muricionline.com.br\/novo\/?p=20015"},"modified":"2023-04-25T15:51:37","modified_gmt":"2023-04-25T18:51:37","slug":"3a-feira-agraria-do-credito-fundiario-sera-realizada-nestas-quarta-26-e-quinta-27-em-santana-do-ipanema","status":"publish","type":"post","link":"http:\/\/www.muricionline.com.br\/novo\/?p=20015","title":{"rendered":"3\u00aa Feira Agr\u00e1ria do Cr\u00e9dito Fundi\u00e1rio ser\u00e1 realizada nestas quarta (26) e quinta (27) em Santana do Ipanema"},"content":{"rendered":"<p>Promovido pelo Instituto de Terras e Reforma Agr\u00e1ria de Alagoas (Iteral), em parceria com a Secretaria de Estado da Agricultura e Pecu\u00e1ria (Seagri) e as prefeituras municipais, o projeto Feira Agr\u00e1ria do Cr\u00e9dito Fundi\u00e1rio chega \u00e0 sua vig\u00e9sima primeira edi\u00e7\u00e3o em abril de 2023, mantendo-se fiel ao objetivo de valorizar a agricultura familiar e fortalecer o escoamento da produ\u00e7\u00e3o no Estado.<\/p>\n<p>Na semana em que completa 148 anos de sua emancipa\u00e7\u00e3o pol\u00edtica, a cidade de Santana do Ipanema sedia o evento pela terceira vez. Aberta ao p\u00fablico, a feira acontece no Espa\u00e7o C\u00f4nego Jos\u00e9 Bulh\u00f5es, nos dias 26 e 27 deste m\u00eas, das 6h \u00e0s 20h. No dia da abertura, uma solenidade, agendada para as 9h marca o in\u00edcio das atividades. Bastante variada, a programa\u00e7\u00e3o se estende ao longo dos dois dias, misturando arte, cultura e alimenta\u00e7\u00e3o saud\u00e1vel.<\/p>\n<p>No espa\u00e7o ser\u00e3o comercializados produtos fresquinhos, como frutas, ra\u00edzes, hortali\u00e7as, ab\u00f3boras, farinha e goma de mandioca; al\u00e9m de doces caseiros, cocadas, bolos, comidas t\u00edpicas e artesanatos diversos. E o melhor: tudo a pre\u00e7o justo. Para dar conta de tamanha variedade, 40 barracas estar\u00e3o distribu\u00eddas pelo local.<\/p>\n<p>Participam da feira cerca de 80 trabalhadores, entre agricultores familiares das unidades produtivas do Programa Nacional de Cr\u00e9dito Fundi\u00e1rio (PNCF), quilombolas, artes\u00e3os, acampados e assentados da reforma agr\u00e1ria. Convidados pelo munic\u00edpio, completam a lista a Cooperativa dos Avicultores, Agricultores Familiares do Sert\u00e3o de Alagoas, Associa\u00e7\u00e3o dos Artes\u00e3os de Santana do Ipanema, Associa\u00e7\u00e3o dos Apicultores de Santana do Ipanema, al\u00e9m de fam\u00edlias das comunidades de Sementeira, Batatal, Baixio do Ramalho, Serrote dos Bois, Serra dos Macacos, Divis\u00e3o, Baixio do Tamandu\u00e1, Lajes dos Barbosas e Barriguda.<\/p>\n<p>Na grade art\u00edstica, talentos santanenses se dividem entre apresenta\u00e7\u00f5es orquestrais e de bandas de pife. J\u00e1 o agito fica por conta de Frank Balada, que participa da festa ao lado da Banda Batid\u00e3o do Vaqueiro.<\/p>\n<p>De acordo com o diretor-presidente do Iteral, Jaime Silva, as feiras agr\u00e1rias s\u00e3o importantes, pois possibilitam a comercializa\u00e7\u00e3o da produ\u00e7\u00e3o dos assentados, gerando renda e promovendo inclus\u00e3o social. \u201cO governador Paulo Dantas pretende levar o evento a todas as regi\u00f5es de Alagoas, garantindo ao Instituto, respons\u00e1vel pelas terras do Estado, mais investimentos e a estrutura necess\u00e1ria para a expans\u00e3o do projeto\u201d, afirmou.<\/p>\n<p>&nbsp;<\/p>\n<p>Com Assessoria&nbsp;<\/p>\n<p><a href=\"http:\/\/www.muricionline.com.br\/novo\/wp-content\/uploads\/2023\/04\/434ABCC8-D693-425D-AD3D-07E9EDD1482B.jpeg\"><img loading=\"lazy\" decoding=\"async\" class=\"aligncenter size-full wp-image-20018\" src=\"http:\/\/www.muricionline.com.br\/novo\/wp-content\/uploads\/2023\/04\/434ABCC8-D693-425D-AD3D-07E9EDD1482B.jpeg\" alt=\"\" width=\"819\" height=\"1024\" srcset=\"http:\/\/www.muricionline.com.br\/novo\/wp-content\/uploads\/2023\/04\/434ABCC8-D693-425D-AD3D-07E9EDD1482B.jpeg 819w, http:\/\/www.muricionline.com.br\/novo\/wp-content\/uploads\/2023\/04\/434ABCC8-D693-425D-AD3D-07E9EDD1482B-200x250.jpeg 200w, http:\/\/www.muricionline.com.br\/novo\/wp-content\/uploads\/2023\/04\/434ABCC8-D693-425D-AD3D-07E9EDD1482B-768x960.jpeg 768w, http:\/\/www.muricionline.com.br\/novo\/wp-content\/uploads\/2023\/04\/434ABCC8-D693-425D-AD3D-07E9EDD1482B-320x400.jpeg 320w\" sizes=\"(max-width: 819px) 100vw, 819px\" \/><\/a><\/p>\n<span style=\"clear:both;display:none;\"><img src=\"http:\/\/www.muricionline.com.br\/novo\/wp-content\/plugins\/wp-spamfree\/img\/wpsf-img.php\" width=\"0\" height=\"0\" alt=\"\" style=\"border-style:none;width:0px;height:0px;display:none;\" \/><\/span>","protected":false},"excerpt":{"rendered":"<p>Promovido pelo Instituto de Terras e Reforma Agr\u00e1ria de Alagoas (Iteral), em parceria com a Secretaria de Estado da Agricultura e Pecu\u00e1ria (Seagri) e as prefeituras municipais, o projeto Feira Agr\u00e1ria do Cr\u00e9dito Fundi\u00e1rio chega \u00e0 sua vig\u00e9sima primeira edi\u00e7\u00e3o em abril de 2023, mantendo-se fiel ao objetivo de valorizar a agricultura familiar e fortalecer&#8230;<\/p>\n","protected":false},"author":1,"featured_media":20016,"comment_status":"open","ping_status":"open","sticky":false,"template":"","format":"standard","meta":{"footnotes":""},"categories":[1],"tags":[5],"_links":{"self":[{"href":"http:\/\/www.muricionline.com.br\/novo\/index.php?rest_route=\/wp\/v2\/posts\/20015"}],"collection":[{"href":"http:\/\/www.muricionline.com.br\/novo\/index.php?rest_route=\/wp\/v2\/posts"}],"about":[{"href":"http:\/\/www.muricionline.com.br\/novo\/index.php?rest_route=\/wp\/v2\/types\/post"}],"author":[{"embeddable":true,"href":"http:\/\/www.muricionline.com.br\/novo\/index.php?rest_route=\/wp\/v2\/users\/1"}],"replies":[{"embeddable":true,"href":"http:\/\/www.muricionline.com.br\/novo\/index.php?rest_route=%2Fwp%2Fv2%2Fcomments&post=20015"}],"version-history":[{"count":2,"href":"http:\/\/www.muricionline.com.br\/novo\/index.php?rest_route=\/wp\/v2\/posts\/20015\/revisions"}],"predecessor-version":[{"id":20019,"href":"http:\/\/www.muricionline.com.br\/novo\/index.php?rest_route=\/wp\/v2\/posts\/20015\/revisions\/20019"}],"wp:featuredmedia":[{"embeddable":true,"href":"http:\/\/www.muricionline.com.br\/novo\/index.php?rest_route=\/wp\/v2\/media\/20016"}],"wp:attachment":[{"href":"http:\/\/www.muricionline.com.br\/novo\/index.php?rest_route=%2Fwp%2Fv2%2Fmedia&parent=20015"}],"wp:term":[{"taxonomy":"category","embeddable":true,"href":"http:\/\/www.muricionline.com.br\/novo\/index.php?rest_route=%2Fwp%2Fv2%2Fcategories&post=20015"},{"taxonomy":"post_tag","embeddable":true,"href":"http:\/\/www.muricionline.com.br\/novo\/index.php?rest_route=%2Fwp%2Fv2%2Ftags&post=20015"}],"curies":[{"name":"wp","href":"https:\/\/api.w.org\/{rel}","templated":true}]}}