{"id":20020,"date":"2023-04-26T09:42:57","date_gmt":"2023-04-26T12:42:57","guid":{"rendered":"http:\/\/www.muricionline.com.br\/novo\/?p=20020"},"modified":"2023-04-26T09:42:57","modified_gmt":"2023-04-26T12:42:57","slug":"atos-civicos-marcam-encerramento-da-programacao-alusiva-aos-148-anos-de-santana-do-ipanema","status":"publish","type":"post","link":"http:\/\/www.muricionline.com.br\/novo\/?p=20020","title":{"rendered":"Atos C\u00edvicos marcam encerramento da programa\u00e7\u00e3o alusiva aos 148 anos de Santana do Ipanema"},"content":{"rendered":"<p>Encerrando as comemora\u00e7\u00f5es dos 148 anos de Emancipa\u00e7\u00e3o Pol\u00edtica de Santana do Ipanema, a prefeita Christiane Bulh\u00f5es realizou nesta segunda (24) o hasteamento dos pavilh\u00f5es e o tradicional desfile c\u00edvico na Pra\u00e7a Dr. Adelson Isaac de Miranda.<\/p>\n<p>A programa\u00e7\u00e3o teve in\u00edcio no Alto da F\u00e9 com o hasteamento do Pavilh\u00e3o Municipal ao som da Orquestra Dr. Isnaldo Bulh\u00f5es Barros, marcando o respeito e amor \u00e0 Santana do Ipanema.<\/p>\n<p>Logo em seguida, as autoridades se dirigiram \u00e0 sede do Poder Executivo para o hasteamento dos pavilh\u00f5es Nacional, Estadual e Municipal.<\/p>\n<p>Na Pra\u00e7a Dr. Adelson Isaac de Miranda, escolas e creches da cidade e da zona rural, al\u00e9m de bandas fanfarras de Santana do Ipanema e regi\u00e3o realizaram o tradicional desfile c\u00edvico, retratando os principais aspectos do desenvolvimento de Santana em seus 148 anos.<\/p>\n<p>\u201cSou muito grata por fazer parte dessa hist\u00f3ria. Por ter crescido aqui, estudado, feito grandes amigos. Pela oportunidade de cuidar do nosso povo enquanto m\u00e9dica e prefeita\u201d, destacou Christiane Bulh\u00f5es, lembrando da funda\u00e7\u00e3o do munic\u00edpio e reafirmando o seu compromisso em trabalhar para que Santana avance cada vez mais.<\/p>\n<p>Estiveram presentes nos atos c\u00edvicos o vice-prefeito Iury, vereadores, secret\u00e1rios municipais, servidores p\u00fablicos, empres\u00e1rios e a popula\u00e7\u00e3o santanense. O vice-prefeito de Senador Rui Palmeira, Erisvaldo Moura, e o ex-prefeito Silo\u00e9 Moura tamb\u00e9m participaram das celebra\u00e7\u00f5es.<\/p>\n<p>&nbsp;<\/p>\n<p>Com Assessoria&nbsp;<\/p>\n<div id='gallery-1' class='gallery galleryid-20020 gallery-columns-3 gallery-size-thumbnail'><figure class='gallery-item'>\n\t\t\t<div class='gallery-icon landscape'>\n\t\t\t\t<a href='http:\/\/www.muricionline.com.br\/novo\/?attachment_id=20022'><img loading=\"lazy\" decoding=\"async\" width=\"80\" height=\"80\" src=\"http:\/\/www.muricionline.com.br\/novo\/wp-content\/uploads\/2023\/04\/C8263EF6-62CE-4118-ABC9-385292E525DF-150x150.jpeg\" class=\"attachment-thumbnail size-thumbnail\" alt=\"\" \/><\/a>\n\t\t\t<\/div><\/figure><figure class='gallery-item'>\n\t\t\t<div class='gallery-icon landscape'>\n\t\t\t\t<a href='http:\/\/www.muricionline.com.br\/novo\/?attachment_id=20023'><img loading=\"lazy\" decoding=\"async\" width=\"80\" height=\"80\" src=\"http:\/\/www.muricionline.com.br\/novo\/wp-content\/uploads\/2023\/04\/A053DCDA-989D-4355-90A4-9FA8A44DFBED-150x150.jpeg\" class=\"attachment-thumbnail size-thumbnail\" alt=\"\" \/><\/a>\n\t\t\t<\/div><\/figure><figure class='gallery-item'>\n\t\t\t<div class='gallery-icon landscape'>\n\t\t\t\t<a href='http:\/\/www.muricionline.com.br\/novo\/?attachment_id=20024'><img loading=\"lazy\" decoding=\"async\" width=\"80\" height=\"80\" src=\"http:\/\/www.muricionline.com.br\/novo\/wp-content\/uploads\/2023\/04\/DFE446AD-1060-4BB0-BE33-2747FB0A49EB-150x150.jpeg\" class=\"attachment-thumbnail size-thumbnail\" alt=\"\" \/><\/a>\n\t\t\t<\/div><\/figure><figure class='gallery-item'>\n\t\t\t<div class='gallery-icon landscape'>\n\t\t\t\t<a href='http:\/\/www.muricionline.com.br\/novo\/?attachment_id=20025'><img loading=\"lazy\" decoding=\"async\" width=\"80\" height=\"80\" src=\"http:\/\/www.muricionline.com.br\/novo\/wp-content\/uploads\/2023\/04\/946B2474-964D-4D54-8EC1-409F8145156C-150x150.jpeg\" class=\"attachment-thumbnail size-thumbnail\" alt=\"\" \/><\/a>\n\t\t\t<\/div><\/figure><figure class='gallery-item'>\n\t\t\t<div class='gallery-icon landscape'>\n\t\t\t\t<a href='http:\/\/www.muricionline.com.br\/novo\/?attachment_id=20026'><img loading=\"lazy\" decoding=\"async\" width=\"80\" height=\"80\" src=\"http:\/\/www.muricionline.com.br\/novo\/wp-content\/uploads\/2023\/04\/74437978-A608-4C45-BBDA-323A69B82D00-150x150.jpeg\" class=\"attachment-thumbnail size-thumbnail\" alt=\"\" \/><\/a>\n\t\t\t<\/div><\/figure>\n\t\t<\/div>\n\n<span style=\"clear:both;display:none;\"><img src=\"http:\/\/www.muricionline.com.br\/novo\/wp-content\/plugins\/wp-spamfree\/img\/wpsf-img.php\" width=\"0\" height=\"0\" alt=\"\" style=\"border-style:none;width:0px;height:0px;display:none;\" \/><\/span>","protected":false},"excerpt":{"rendered":"<p>Encerrando as comemora\u00e7\u00f5es dos 148 anos de Emancipa\u00e7\u00e3o Pol\u00edtica de Santana do Ipanema, a prefeita Christiane Bulh\u00f5es realizou nesta segunda (24) o hasteamento dos pavilh\u00f5es e o tradicional desfile c\u00edvico na Pra\u00e7a Dr. Adelson Isaac de Miranda. A programa\u00e7\u00e3o teve in\u00edcio no Alto da F\u00e9 com o hasteamento do Pavilh\u00e3o Municipal ao som da Orquestra&#8230;<\/p>\n","protected":false},"author":1,"featured_media":20021,"comment_status":"open","ping_status":"open","sticky":false,"template":"","format":"standard","meta":{"footnotes":""},"categories":[1],"tags":[5],"_links":{"self":[{"href":"http:\/\/www.muricionline.com.br\/novo\/index.php?rest_route=\/wp\/v2\/posts\/20020"}],"collection":[{"href":"http:\/\/www.muricionline.com.br\/novo\/index.php?rest_route=\/wp\/v2\/posts"}],"about":[{"href":"http:\/\/www.muricionline.com.br\/novo\/index.php?rest_route=\/wp\/v2\/types\/post"}],"author":[{"embeddable":true,"href":"http:\/\/www.muricionline.com.br\/novo\/index.php?rest_route=\/wp\/v2\/users\/1"}],"replies":[{"embeddable":true,"href":"http:\/\/www.muricionline.com.br\/novo\/index.php?rest_route=%2Fwp%2Fv2%2Fcomments&post=20020"}],"version-history":[{"count":1,"href":"http:\/\/www.muricionline.com.br\/novo\/index.php?rest_route=\/wp\/v2\/posts\/20020\/revisions"}],"predecessor-version":[{"id":20027,"href":"http:\/\/www.muricionline.com.br\/novo\/index.php?rest_route=\/wp\/v2\/posts\/20020\/revisions\/20027"}],"wp:featuredmedia":[{"embeddable":true,"href":"http:\/\/www.muricionline.com.br\/novo\/index.php?rest_route=\/wp\/v2\/media\/20021"}],"wp:attachment":[{"href":"http:\/\/www.muricionline.com.br\/novo\/index.php?rest_route=%2Fwp%2Fv2%2Fmedia&parent=20020"}],"wp:term":[{"taxonomy":"category","embeddable":true,"href":"http:\/\/www.muricionline.com.br\/novo\/index.php?rest_route=%2Fwp%2Fv2%2Fcategories&post=20020"},{"taxonomy":"post_tag","embeddable":true,"href":"http:\/\/www.muricionline.com.br\/novo\/index.php?rest_route=%2Fwp%2Fv2%2Ftags&post=20020"}],"curies":[{"name":"wp","href":"https:\/\/api.w.org\/{rel}","templated":true}]}}