{"id":20031,"date":"2023-04-26T09:48:37","date_gmt":"2023-04-26T12:48:37","guid":{"rendered":"http:\/\/www.muricionline.com.br\/novo\/?p=20031"},"modified":"2023-04-26T09:48:37","modified_gmt":"2023-04-26T12:48:37","slug":"vereador-nego-de-zito-afirma-que-desenvolvimento-de-santana-e-atraves-da-familia-bulhoes","status":"publish","type":"post","link":"http:\/\/www.muricionline.com.br\/novo\/?p=20031","title":{"rendered":"Vereador Nego de Zito afirma que \u2018desenvolvimento de Santana \u00e9 atrav\u00e9s da fam\u00edlia Bulh\u00f5es\u2019"},"content":{"rendered":"<p>O vereador Nego de Zito afirmou que o desenvolvimento que Santana do Ipanema est\u00e1 vivendo \u00e9 \u2018atrav\u00e9s da fam\u00edlia Bulh\u00f5es\u2019. As palavras foram proferidas na inaugura\u00e7\u00e3o da nova sede da Secretaria de Assist\u00eancia e Desenvolvimento Social.<\/p>\n<p>O parlamentar revelou que ser\u00e1 uma satisfa\u00e7\u00e3o contar para seus bisnetos, netos e filhos que foi vereador junto com uma grande prefeita que fez um grande trabalho em Santana.<\/p>\n<p>Nego de Zito destacou a lideran\u00e7a e for\u00e7a pol\u00edtica do deputado Isnaldo Bulh\u00f5es l\u00e1 em Bras\u00edlia ao afirmar que acompanhou de perto seu trabalho quando esteve participando da XXIV Marcha a Bras\u00edlia em Defesa dos Munic\u00edpios. \u201cO que esse cara faz para trazer recursos para Santana e Alagoas \u00e9 impressionante\u201d.<\/p>\n<p><a href=\"http:\/\/www.muricionline.com.br\/novo\/wp-content\/uploads\/2023\/04\/880ED49E-E6D2-4994-8C88-FCAE99E68CF1.jpeg\"><img loading=\"lazy\" decoding=\"async\" class=\"aligncenter size-full wp-image-20033\" src=\"http:\/\/www.muricionline.com.br\/novo\/wp-content\/uploads\/2023\/04\/880ED49E-E6D2-4994-8C88-FCAE99E68CF1.jpeg\" alt=\"\" width=\"1317\" height=\"878\" srcset=\"http:\/\/www.muricionline.com.br\/novo\/wp-content\/uploads\/2023\/04\/880ED49E-E6D2-4994-8C88-FCAE99E68CF1.jpeg 1317w, http:\/\/www.muricionline.com.br\/novo\/wp-content\/uploads\/2023\/04\/880ED49E-E6D2-4994-8C88-FCAE99E68CF1-250x167.jpeg 250w, http:\/\/www.muricionline.com.br\/novo\/wp-content\/uploads\/2023\/04\/880ED49E-E6D2-4994-8C88-FCAE99E68CF1-768x512.jpeg 768w, http:\/\/www.muricionline.com.br\/novo\/wp-content\/uploads\/2023\/04\/880ED49E-E6D2-4994-8C88-FCAE99E68CF1-400x267.jpeg 400w\" sizes=\"(max-width: 1317px) 100vw, 1317px\" \/><\/a><\/p>\n<p>Ao acompanhar a programa\u00e7\u00e3o dos 148 de emancipa\u00e7\u00e3o da cidade, o vereador ficou feliz em comprovar o zelo que a prefeita tem com o er\u00e1rio ao entregas obras estruturantes e equipamentos com recursos pr\u00f3prios. \u201cObras que est\u00e3o acontecendo em Santana, 90% s\u00e3o de recursos pr\u00f3prios. A gente v\u00ea que a prefeita est\u00e1 investindo o dinheiro arrecadado em nossa cidade e os outros 10% \u00e9 emenda do deputado [Isnaldo Bulh\u00f5es]\u201d, disse.<\/p>\n<p>Por fim, o edil refor\u00e7ou compromisso com o grupo e frisou que a prefeita Christiane Bulh\u00f5es pode contar com ele e com os vereadores que faz a base da C\u00e2mara. \u201cPode vim a elei\u00e7\u00e3o que n\u00f3s estamos prontos e preparados para sair vitorioso\u201d, finalizou.<\/p>\n<p>&nbsp;<\/p>\n<p>Com Assessoria&nbsp;<\/p>\n<p>&nbsp;<\/p>\n<span style=\"clear:both;display:none;\"><img src=\"http:\/\/www.muricionline.com.br\/novo\/wp-content\/plugins\/wp-spamfree\/img\/wpsf-img.php\" width=\"0\" height=\"0\" alt=\"\" style=\"border-style:none;width:0px;height:0px;display:none;\" \/><\/span>","protected":false},"excerpt":{"rendered":"<p>O vereador Nego de Zito afirmou que o desenvolvimento que Santana do Ipanema est\u00e1 vivendo \u00e9 \u2018atrav\u00e9s da fam\u00edlia Bulh\u00f5es\u2019. As palavras foram proferidas na inaugura\u00e7\u00e3o da nova sede da Secretaria de Assist\u00eancia e Desenvolvimento Social. O parlamentar revelou que ser\u00e1 uma satisfa\u00e7\u00e3o contar para seus bisnetos, netos e filhos que foi vereador junto com&#8230;<\/p>\n","protected":false},"author":1,"featured_media":20032,"comment_status":"open","ping_status":"open","sticky":false,"template":"","format":"standard","meta":{"footnotes":""},"categories":[1],"tags":[5],"_links":{"self":[{"href":"http:\/\/www.muricionline.com.br\/novo\/index.php?rest_route=\/wp\/v2\/posts\/20031"}],"collection":[{"href":"http:\/\/www.muricionline.com.br\/novo\/index.php?rest_route=\/wp\/v2\/posts"}],"about":[{"href":"http:\/\/www.muricionline.com.br\/novo\/index.php?rest_route=\/wp\/v2\/types\/post"}],"author":[{"embeddable":true,"href":"http:\/\/www.muricionline.com.br\/novo\/index.php?rest_route=\/wp\/v2\/users\/1"}],"replies":[{"embeddable":true,"href":"http:\/\/www.muricionline.com.br\/novo\/index.php?rest_route=%2Fwp%2Fv2%2Fcomments&post=20031"}],"version-history":[{"count":1,"href":"http:\/\/www.muricionline.com.br\/novo\/index.php?rest_route=\/wp\/v2\/posts\/20031\/revisions"}],"predecessor-version":[{"id":20034,"href":"http:\/\/www.muricionline.com.br\/novo\/index.php?rest_route=\/wp\/v2\/posts\/20031\/revisions\/20034"}],"wp:featuredmedia":[{"embeddable":true,"href":"http:\/\/www.muricionline.com.br\/novo\/index.php?rest_route=\/wp\/v2\/media\/20032"}],"wp:attachment":[{"href":"http:\/\/www.muricionline.com.br\/novo\/index.php?rest_route=%2Fwp%2Fv2%2Fmedia&parent=20031"}],"wp:term":[{"taxonomy":"category","embeddable":true,"href":"http:\/\/www.muricionline.com.br\/novo\/index.php?rest_route=%2Fwp%2Fv2%2Fcategories&post=20031"},{"taxonomy":"post_tag","embeddable":true,"href":"http:\/\/www.muricionline.com.br\/novo\/index.php?rest_route=%2Fwp%2Fv2%2Ftags&post=20031"}],"curies":[{"name":"wp","href":"https:\/\/api.w.org\/{rel}","templated":true}]}}