{"id":20038,"date":"2023-04-26T22:50:31","date_gmt":"2023-04-27T01:50:31","guid":{"rendered":"http:\/\/www.muricionline.com.br\/novo\/?p=20038"},"modified":"2023-04-26T22:50:31","modified_gmt":"2023-04-27T01:50:31","slug":"prefeitura-de-sao-jose-da-laje-realiza-entrega-de-kits-de-material-escolar-para-alunos-da-rede-municipal-de-ensino","status":"publish","type":"post","link":"http:\/\/www.muricionline.com.br\/novo\/?p=20038","title":{"rendered":"Prefeitura de S\u00e3o Jos\u00e9 da Laje realiza entrega de kits de material escolar para alunos da rede municipal de ensino"},"content":{"rendered":"<p>A prefeitura de S\u00e3o Jos\u00e9 da Laje deu in\u00edcio, na manh\u00e3 desta ter\u00e7a-feira, 25, \u00e0 distribui\u00e7\u00e3o dos kits de material escolar para os estudantes matriculados na rede municipal de ensino. A a\u00e7\u00e3o \u00e9 uma iniciativa da gest\u00e3o da prefeita Angela Vanessa atrav\u00e9s de recursos pr\u00f3prios da educa\u00e7\u00e3o, fruto de um investimento que beneficia, ao todo, mais de 4 mil estudantes das creches, Educa\u00e7\u00e3o Infantil, Ensino Fundamental.<\/p>\n<p>\u201cEssa \u00e9 uma a\u00e7\u00e3o muito importante, garantindo a oferta de ensino de qualidade \u00e0s crian\u00e7as e adolescentes da nossa rede de ensino. S\u00e3o kits muito bem elaborados, que atendem as necessidades de cada ano de ensino. Os Kits cont\u00e9m, caderno, caneta, l\u00e1pis de cor, pasta e muito mais. \u00c9 um kit completo, de muita qualidade e que ser\u00e1 fundamental para o desenvolvimento dos nossos alunos. Destacou a prefeita Angela Vanessa<\/p>\n<p>A gestora detalhou tamb\u00e9m como est\u00e1 sendo a log\u00edstica para distribui\u00e7\u00e3o dos kits. \u201cEstamos juntamente com a secret\u00e1ria de educa\u00e7\u00e3o Glaudes Souza, professores e coordenadores entregando em m\u00e3os aos alunos em todas as escolas da rede municipal tanto na \u00e1rea urbana quanto as escolas campesinas, nenhum aluno deixar\u00e1 de receber o seu kit.\u201d Completou a prefeita, acrescentando ainda que os investimentos s\u00e3o \u201cum incentivo para que n\u00e3o haja evas\u00e3o escolar\u201d. \u201cAl\u00e9m da motiva\u00e7\u00e3o da aprendizagem, \u00e9, tamb\u00e9m, uma motiva\u00e7\u00e3o para os pais, que n\u00e3o precisar\u00e3o destinar recursos para a compra de material escolar, e para as crian\u00e7as, que ter\u00e3o, de maneira igualit\u00e1ria, os itens que precisam para uma forma\u00e7\u00e3o de qualidade\u201d, refor\u00e7ou.<\/p>\n<p>\u201cQuando soube da entrega dos kits fiquei muito feliz, pensei logo na alegria da minha filha e na economia que eu iria fazer, a prefeitura est\u00e1 de parab\u00e9ns por essa ideia, minha filha adorou tudo, ela ama pintar e no kit tem tudo que ela precisa.\u201d Finalizou Maria Fernanda, m\u00e3e da aluna Ingrid Beatriz do Ensino Fundamental II.<\/p>\n<p>Por Secom &#8211;&nbsp;S\u00e3o Jos\u00e9 da Laje\/AL<\/p>\n<span style=\"clear:both;display:none;\"><img src=\"http:\/\/www.muricionline.com.br\/novo\/wp-content\/plugins\/wp-spamfree\/img\/wpsf-img.php\" width=\"0\" height=\"0\" alt=\"\" style=\"border-style:none;width:0px;height:0px;display:none;\" \/><\/span>","protected":false},"excerpt":{"rendered":"<p>A prefeitura de S\u00e3o Jos\u00e9 da Laje deu in\u00edcio, na manh\u00e3 desta ter\u00e7a-feira, 25, \u00e0 distribui\u00e7\u00e3o dos kits de material escolar para os estudantes matriculados na rede municipal de ensino. A a\u00e7\u00e3o \u00e9 uma iniciativa da gest\u00e3o da prefeita Angela Vanessa atrav\u00e9s de recursos pr\u00f3prios da educa\u00e7\u00e3o, fruto de um investimento que beneficia, ao todo,&#8230;<\/p>\n","protected":false},"author":1,"featured_media":20039,"comment_status":"open","ping_status":"open","sticky":false,"template":"","format":"standard","meta":{"footnotes":""},"categories":[1],"tags":[5],"_links":{"self":[{"href":"http:\/\/www.muricionline.com.br\/novo\/index.php?rest_route=\/wp\/v2\/posts\/20038"}],"collection":[{"href":"http:\/\/www.muricionline.com.br\/novo\/index.php?rest_route=\/wp\/v2\/posts"}],"about":[{"href":"http:\/\/www.muricionline.com.br\/novo\/index.php?rest_route=\/wp\/v2\/types\/post"}],"author":[{"embeddable":true,"href":"http:\/\/www.muricionline.com.br\/novo\/index.php?rest_route=\/wp\/v2\/users\/1"}],"replies":[{"embeddable":true,"href":"http:\/\/www.muricionline.com.br\/novo\/index.php?rest_route=%2Fwp%2Fv2%2Fcomments&post=20038"}],"version-history":[{"count":1,"href":"http:\/\/www.muricionline.com.br\/novo\/index.php?rest_route=\/wp\/v2\/posts\/20038\/revisions"}],"predecessor-version":[{"id":20040,"href":"http:\/\/www.muricionline.com.br\/novo\/index.php?rest_route=\/wp\/v2\/posts\/20038\/revisions\/20040"}],"wp:featuredmedia":[{"embeddable":true,"href":"http:\/\/www.muricionline.com.br\/novo\/index.php?rest_route=\/wp\/v2\/media\/20039"}],"wp:attachment":[{"href":"http:\/\/www.muricionline.com.br\/novo\/index.php?rest_route=%2Fwp%2Fv2%2Fmedia&parent=20038"}],"wp:term":[{"taxonomy":"category","embeddable":true,"href":"http:\/\/www.muricionline.com.br\/novo\/index.php?rest_route=%2Fwp%2Fv2%2Fcategories&post=20038"},{"taxonomy":"post_tag","embeddable":true,"href":"http:\/\/www.muricionline.com.br\/novo\/index.php?rest_route=%2Fwp%2Fv2%2Ftags&post=20038"}],"curies":[{"name":"wp","href":"https:\/\/api.w.org\/{rel}","templated":true}]}}