{"id":20041,"date":"2023-04-26T22:53:16","date_gmt":"2023-04-27T01:53:16","guid":{"rendered":"http:\/\/www.muricionline.com.br\/novo\/?p=20041"},"modified":"2023-04-26T22:53:16","modified_gmt":"2023-04-27T01:53:16","slug":"governador-anuncia-novidades-para-a-educacao-e-reafirma-programas-de-incentivo","status":"publish","type":"post","link":"http:\/\/www.muricionline.com.br\/novo\/?p=20041","title":{"rendered":"Governador anuncia novidades para a Educa\u00e7\u00e3o e reafirma programas de incentivo"},"content":{"rendered":"<p>Mais de dois mil estudantes e professores da rede p\u00fablica estadual estiveram no Centro de Conven\u00e7\u00f5es Ruth Cardoso, em Macei\u00f3, na manh\u00e3 desta quarta-feira (26) para presenciar o an\u00fancio de mais conquistas para a educa\u00e7\u00e3o alagoana. O governador Paulo Dantas e o secret\u00e1rio Marcius Beltr\u00e3o (Educa\u00e7\u00e3o) lan\u00e7aram o programa Avan\u00e7a Ideb, destacaram a contrata\u00e7\u00e3o de psic\u00f3logos e de assistentes sociais e reafirmaram compromisso para continuidade de programas importantes, como Cart\u00e3o Escola 10, Professor Mentor e Avan\u00e7a Gr\u00eamio.<\/p>\n<p>Os investimentos na educa\u00e7\u00e3o alagoana j\u00e1 acumulam mais de R$ 1 bilh\u00e3o, que consiste na manuten\u00e7\u00e3o das escolas, na valoriza\u00e7\u00e3o dos servidores da educa\u00e7\u00e3o e nos programas sociais que reaproximam os estudantes da sala de aula e melhoraram os \u00edndices de qualidade do ensino.<\/p>\n<p><img decoding=\"async\" src=\"http:\/\/alagoas.al.gov.br\/imagens\/conteudos\/9952bfd7d4195a136219bb99d006bf2b\/\/26042023%20Educa%C3%A7ao%20Programas%20Lan%C3%A7amento%20(PF)%20-55.jpg\">Num dos primeiros atos do evento, na manh\u00e3 desta quarta-feira , o governador Paulo Dantas assinou e entregou em m\u00e3os ao l\u00edder do Governo na Assembleia Legislativa do Estado (ALE), deputado Silvio Camelo, o Projeto de Lei que autoriza a amplia\u00e7\u00e3o, de R$ 100 para R$ 150, no valor pago pelo Cart\u00e3o Escola 10, apontado como o maior programa de repasse de recursos da educa\u00e7\u00e3o no Brasil, que segue impactando a economia alagoana.<\/p>\n<p>O secret\u00e1rio de Estado da Educa\u00e7\u00e3o,&nbsp; Marcius Beltr\u00e3o,&nbsp; destacou o momento de integra\u00e7\u00e3o de toda a comunidade em prol da melhoria da educa\u00e7\u00e3o p\u00fablica alagoana. &#8220;Estes programas atuam de forma a alavancar nossos \u00edndices e levar Alagoas&nbsp; e a rede estadual de educa\u00e7\u00e3o ao patamar que ela merece, que \u00e9 o mais alto&#8221; frisou Marcius. Ele lembrou que o Estado far\u00e1 a contrata\u00e7\u00e3o de psic\u00f3logos e assistentes sociais para atuarem nas Ger\u00eancias Regionais de Educa\u00e7\u00e3o e nas escolas estaduais.<\/p>\n<p>Segundo&nbsp; o secret\u00e1rio, 4.312 estudantes que conclu\u00edram o ensino m\u00e9dio em 2022 receberam o benef\u00edcio da Bolsa Conclus\u00e3o do Escola 10.<\/p>\n<p>Ainda no evento, o deputado federal Rafael Brito enviou um v\u00eddeo parabenizando o governador Paulo Dantas pela condu\u00e7\u00e3o dos avan\u00e7os na educa\u00e7\u00e3o e relembrando os grandes projetos que foram implantados.<\/p>\n<p>Presencialmente, tamb\u00e9m participaram do evento as secret\u00e1rias Luiza Barreiros (Gabinete Civil), Paula Dantas (Primeira Inf\u00e2ncia) e Aline Rodrigues (Pessoa do Defici\u00eancia), os secret\u00e1rios Vitor Pereira (Governo), Gabriel Albino (Planejamento), Silvio Bulh\u00f5es (Ci\u00eancia e Tecnologia), e o diretor da Funda\u00e7\u00e3o de Amparo a Pesquisa do Estado de Alagoas (Fapeal), F\u00e1bio Guedes.<\/p>\n<p><img decoding=\"async\" src=\"http:\/\/alagoas.al.gov.br\/imagens\/conteudos\/9952bfd7d4195a136219bb99d006bf2b\/\/26042023%20Educa%C3%A7ao%20Programas%20Lan%C3%A7amento%20(PF)%20-41.jpg\"><b>Novos investimentos<\/b><\/p>\n<p>Como forma de estimular a pesquisa, o governador Paulo Dantas assinou conv\u00eanio com a Fapeal, onde ser\u00e3o distribu\u00eddas 7.300 bolsas, contemplando professores mentores com R$ 1.500 mensais e alunos monitores com R$ 250 mensais, perfazendo um investimento de R$ 55 milh\u00f5es.<\/p>\n<p>Outro an\u00fancio importante foi a contrata\u00e7\u00e3o de psic\u00f3logos e assistentes sociais para atuarem nas escolas num importante trabalho de preven\u00e7\u00e3o aos casos de viol\u00eancia no ambiente escolar. Ser\u00e3o 60 psic\u00f3logos e 20 assistentes sociais para atender \u00e0s 13 Ger\u00eancias Regionais de Ensino.&nbsp;<\/p>\n<p>O governador Paulo Dantas refor\u00e7ou o compromisso do Governo de Alagoas na melhoria da qualidade do ensino da rede p\u00fablica, gerando novas oportunidades e valorizando os servidores da educa\u00e7\u00e3o.<\/p>\n<p>\u201cO Governo de Alagoas tem buscado ampliar os investimentos para valorizar ainda mais nossos estudantes e servidores . E cada vez mais vamos em busca de novidades e a\u00e7\u00f5es para fortalecer a nossa Educa\u00e7\u00e3o. S\u00e3o mais de R$ 1 bilh\u00e3o investidos e podem ter certeza que vamos investir muito mais, porque tudo que for voltado para a Educa\u00e7\u00e3o n\u00e3o custo; \u00e9 investimento\u201d, disse o governador.<\/p>\n<p><b>Programas de incentivo<\/b><\/p>\n<p><b>Professor Mentor<\/b><\/p>\n<p>O programa tem o objetivo de incentivar a pesquisa no ambiente escolar, combater os d\u00e9ficits de aprendizagem, reduzir o abandono e a evas\u00e3o escolar, al\u00e9m de envolver toda a comunidade na constru\u00e7\u00e3o de um \u2018projeto de vida\u2019 dos jovens. O programa funciona como uma orienta\u00e7\u00e3o, em que os alunos do ensino fundamental e m\u00e9dio desenvolvem projetos com um professor respons\u00e1vel por sua mentoria.<\/p>\n<p><b>Vem que d\u00e1 Tempo<\/b><\/p>\n<p>O objetivo do programa \u00e9 elevar a educa\u00e7\u00e3o de jovens e adultos alagoanos que estejam h\u00e1 mais de 2 anos afastados da escola e em situa\u00e7\u00e3o de vulnerabilidade social, estimulando a conclus\u00e3o do ensino fundamental. Os aprovados e matriculados nessa faixa ter\u00e3o um incentivo financeiro de R$ 500. J\u00e1 os aprovados que se matricularem no ensino m\u00e9dio, passam a ser benefici\u00e1rios do Cart\u00e3o Escola 10. Os professores bolsistas do programa receber\u00e3o uma bolsa-forma\u00e7\u00e3o mensal de R$ 1.500.<\/p>\n<p><img decoding=\"async\" src=\"http:\/\/alagoas.al.gov.br\/imagens\/conteudos\/9952bfd7d4195a136219bb99d006bf2b\/\/26042023%20Educa%C3%A7ao%20Programas%20Lan%C3%A7amento%20(PF)%20-46.jpg\"><\/p>\n<p><b>Avan\u00e7a Gr\u00eamio<\/b><\/p>\n<p>O programa tem o objetivo de fortalecer o movimento estudantil por meio de repasse de recurso para os gr\u00eamios estudantis ativos. O valor serve para que os jovens possam desenvolver a\u00e7\u00f5es para recupera\u00e7\u00e3o de aprendizagem, busca ativa, cultura, al\u00e9m de promover a diversidade e combater a discrimina\u00e7\u00e3o nas escolas estaduais.<\/p>\n<p><b>Chamada P\u00fablica da Agricultura Familiar<\/b><\/p>\n<p>No campo da merenda escolar, o Governo de Alagoas est\u00e1 lan\u00e7ando edital para chamada p\u00fablica da agricultura familiar, que contemplar\u00e1 17 itens do card\u00e1pio escolar da rede estadual de ensino, promovendo a gera\u00e7\u00e3o de renda para mais de 22 mil agricultores familiares. Esse edital, al\u00e9m de estimular a cria\u00e7\u00e3o de associa\u00e7\u00f5es e cooperativas, possibilitar\u00e1 a melhoria da qualidade da merenda escolar.<\/p>\n<p><img decoding=\"async\" src=\"http:\/\/alagoas.al.gov.br\/imagens\/conteudos\/9952bfd7d4195a136219bb99d006bf2b\/\/26042023%20Unicef%20Busca%20Ativa%20Escolar%20(PF)%20-22.jpg\"><br \/>\n<b>Com a Unicef e a Undime<\/b><\/p>\n<p>Ainda durante sua perman\u00eancia no Centro de Conven\u00e7\u00f5es, o governador Paulo Dantas prestigiou, com sua presen\u00e7a, o evento do Busca Ativa Escola de Alagoas, realizado pela Unicef e Undime. O encontro teve como objetivo de debater pol\u00edticas p\u00fablicas sociais, firmar compromisso e consolidar estrat\u00e9gias para manter as crian\u00e7as e adolescentes dentro das escolas.<\/p>\n<p>Com Ag\u00eancia Alagoas&nbsp;<\/p>\n<span style=\"clear:both;display:none;\"><img src=\"http:\/\/www.muricionline.com.br\/novo\/wp-content\/plugins\/wp-spamfree\/img\/wpsf-img.php\" width=\"0\" height=\"0\" alt=\"\" style=\"border-style:none;width:0px;height:0px;display:none;\" \/><\/span>","protected":false},"excerpt":{"rendered":"<p>Mais de dois mil estudantes e professores da rede p\u00fablica estadual estiveram no Centro de Conven\u00e7\u00f5es Ruth Cardoso, em Macei\u00f3, na manh\u00e3 desta quarta-feira (26) para presenciar o an\u00fancio de mais conquistas para a educa\u00e7\u00e3o alagoana. O governador Paulo Dantas e o secret\u00e1rio Marcius Beltr\u00e3o (Educa\u00e7\u00e3o) lan\u00e7aram o programa Avan\u00e7a Ideb, destacaram a contrata\u00e7\u00e3o de&#8230;<\/p>\n","protected":false},"author":1,"featured_media":20042,"comment_status":"open","ping_status":"open","sticky":false,"template":"","format":"standard","meta":{"footnotes":""},"categories":[7,1],"tags":[5],"_links":{"self":[{"href":"http:\/\/www.muricionline.com.br\/novo\/index.php?rest_route=\/wp\/v2\/posts\/20041"}],"collection":[{"href":"http:\/\/www.muricionline.com.br\/novo\/index.php?rest_route=\/wp\/v2\/posts"}],"about":[{"href":"http:\/\/www.muricionline.com.br\/novo\/index.php?rest_route=\/wp\/v2\/types\/post"}],"author":[{"embeddable":true,"href":"http:\/\/www.muricionline.com.br\/novo\/index.php?rest_route=\/wp\/v2\/users\/1"}],"replies":[{"embeddable":true,"href":"http:\/\/www.muricionline.com.br\/novo\/index.php?rest_route=%2Fwp%2Fv2%2Fcomments&post=20041"}],"version-history":[{"count":1,"href":"http:\/\/www.muricionline.com.br\/novo\/index.php?rest_route=\/wp\/v2\/posts\/20041\/revisions"}],"predecessor-version":[{"id":20043,"href":"http:\/\/www.muricionline.com.br\/novo\/index.php?rest_route=\/wp\/v2\/posts\/20041\/revisions\/20043"}],"wp:featuredmedia":[{"embeddable":true,"href":"http:\/\/www.muricionline.com.br\/novo\/index.php?rest_route=\/wp\/v2\/media\/20042"}],"wp:attachment":[{"href":"http:\/\/www.muricionline.com.br\/novo\/index.php?rest_route=%2Fwp%2Fv2%2Fmedia&parent=20041"}],"wp:term":[{"taxonomy":"category","embeddable":true,"href":"http:\/\/www.muricionline.com.br\/novo\/index.php?rest_route=%2Fwp%2Fv2%2Fcategories&post=20041"},{"taxonomy":"post_tag","embeddable":true,"href":"http:\/\/www.muricionline.com.br\/novo\/index.php?rest_route=%2Fwp%2Fv2%2Ftags&post=20041"}],"curies":[{"name":"wp","href":"https:\/\/api.w.org\/{rel}","templated":true}]}}