{"id":20044,"date":"2023-04-26T22:55:08","date_gmt":"2023-04-27T01:55:08","guid":{"rendered":"http:\/\/www.muricionline.com.br\/novo\/?p=20044"},"modified":"2023-04-26T22:55:08","modified_gmt":"2023-04-27T01:55:08","slug":"em-brasilia-rodrigo-valenca-se-reune-com-ministro-renan-filho-e-juntos-discutem-pautas-importantes-para-alagoas","status":"publish","type":"post","link":"http:\/\/www.muricionline.com.br\/novo\/?p=20044","title":{"rendered":"Em Bras\u00edlia Rodrigo Valen\u00e7a se re\u00fane com Ministro Renan Filho e juntos discutem pautas importantes para Alagoas"},"content":{"rendered":"<p>O ex-prefeito e suplente de Deputado Federal Rodrigo Valen\u00e7a, esteve em Bras\u00edlia e um dos compromissos na capital federal foi uma importante reuni\u00e3o com o Ministro dos Transportes Renan Filho, Rodrigo Valen\u00e7a, que na oportunidade levou para o ministro Renan Filho pautas importantes de S\u00e3o Jos\u00e9 da Laje e regi\u00e3o, uma das propostas discutidas foi a duplica\u00e7\u00e3o completa da BR-104, que trar\u00e1 benef\u00edcios econ\u00f4micos e sociais para toda regi\u00e3o, principalmente os munic\u00edpios que margeiam a rodovia.<\/p>\n<p>Ao lado de Rodrigo Valen\u00e7a o Ministro dos Transportes Renan Filho tamb\u00e9m debateu solu\u00e7\u00f5es para o trecho conhecido como \u201cCurva da Melancia\u201d tamb\u00e9m na BR-104 pr\u00f3ximo a S\u00e3o Jos\u00e9 da Laje, trecho que acontece in\u00fameros acidentes fatais.<\/p>\n<p>\u201cRecebi hoje aqui no minist\u00e9rio o ex-prefeito Rodrigo Valen\u00e7a importante companheiro, onde estruturamos algumas ideias para S\u00e3o Jos\u00e9 da Laje e toda regi\u00e3o, como a duplica\u00e7\u00e3o de toda BR-104, rodovia essa que passa por diversos munic\u00edpios alagoanos incluindo a Laje, e tamb\u00e9m buscamos solu\u00e7\u00f5es para solucionar o perigoso trecho da curva da melancia. E quero dizer que agora aqui no Minist\u00e9rio, vou trabalhar para ajudar o avan\u00e7o do munic\u00edpio de S\u00e3o Jos\u00e9 da Laje.\u201d Afirmou o Ministro Renan Filho<\/p>\n<p>\u201cTive uma agenda intensa em Bras\u00edlia e um importante encontro com o Ministro dos Transportes Renan Filho, onde discutimos propostas para S\u00e3o Jos\u00e9 da Laje e toda regi\u00e3o e uma das propostas discutidas foi a duplica\u00e7\u00e3o completa da BR-104, que trar\u00e1 benef\u00edcios econ\u00f4micos e sociais para a regi\u00e3o, melhorando a infraestrutura vi\u00e1ria e aumentando a seguran\u00e7a nas estradas. Estamos comprometidos em buscar solu\u00e7\u00f5es para melhorar a qualidade de vida de todos os alagoanos.\u201d Finalizou, Rodrigo Valen\u00e7a.<\/p>\n<p>Por Assessoria<\/p>\n<span style=\"clear:both;display:none;\"><img src=\"http:\/\/www.muricionline.com.br\/novo\/wp-content\/plugins\/wp-spamfree\/img\/wpsf-img.php\" width=\"0\" height=\"0\" alt=\"\" style=\"border-style:none;width:0px;height:0px;display:none;\" \/><\/span>","protected":false},"excerpt":{"rendered":"<p>O ex-prefeito e suplente de Deputado Federal Rodrigo Valen\u00e7a, esteve em Bras\u00edlia e um dos compromissos na capital federal foi uma importante reuni\u00e3o com o Ministro dos Transportes Renan Filho, Rodrigo Valen\u00e7a, que na oportunidade levou para o ministro Renan Filho pautas importantes de S\u00e3o Jos\u00e9 da Laje e regi\u00e3o, uma das propostas discutidas foi&#8230;<\/p>\n","protected":false},"author":1,"featured_media":20045,"comment_status":"open","ping_status":"open","sticky":false,"template":"","format":"standard","meta":{"footnotes":""},"categories":[1],"tags":[5],"_links":{"self":[{"href":"http:\/\/www.muricionline.com.br\/novo\/index.php?rest_route=\/wp\/v2\/posts\/20044"}],"collection":[{"href":"http:\/\/www.muricionline.com.br\/novo\/index.php?rest_route=\/wp\/v2\/posts"}],"about":[{"href":"http:\/\/www.muricionline.com.br\/novo\/index.php?rest_route=\/wp\/v2\/types\/post"}],"author":[{"embeddable":true,"href":"http:\/\/www.muricionline.com.br\/novo\/index.php?rest_route=\/wp\/v2\/users\/1"}],"replies":[{"embeddable":true,"href":"http:\/\/www.muricionline.com.br\/novo\/index.php?rest_route=%2Fwp%2Fv2%2Fcomments&post=20044"}],"version-history":[{"count":1,"href":"http:\/\/www.muricionline.com.br\/novo\/index.php?rest_route=\/wp\/v2\/posts\/20044\/revisions"}],"predecessor-version":[{"id":20046,"href":"http:\/\/www.muricionline.com.br\/novo\/index.php?rest_route=\/wp\/v2\/posts\/20044\/revisions\/20046"}],"wp:featuredmedia":[{"embeddable":true,"href":"http:\/\/www.muricionline.com.br\/novo\/index.php?rest_route=\/wp\/v2\/media\/20045"}],"wp:attachment":[{"href":"http:\/\/www.muricionline.com.br\/novo\/index.php?rest_route=%2Fwp%2Fv2%2Fmedia&parent=20044"}],"wp:term":[{"taxonomy":"category","embeddable":true,"href":"http:\/\/www.muricionline.com.br\/novo\/index.php?rest_route=%2Fwp%2Fv2%2Fcategories&post=20044"},{"taxonomy":"post_tag","embeddable":true,"href":"http:\/\/www.muricionline.com.br\/novo\/index.php?rest_route=%2Fwp%2Fv2%2Ftags&post=20044"}],"curies":[{"name":"wp","href":"https:\/\/api.w.org\/{rel}","templated":true}]}}