{"id":20050,"date":"2023-04-28T09:50:44","date_gmt":"2023-04-28T12:50:44","guid":{"rendered":"http:\/\/www.muricionline.com.br\/novo\/?p=20050"},"modified":"2023-04-28T09:51:03","modified_gmt":"2023-04-28T12:51:03","slug":"mundau-prefeito-e-secretario-andre-participam-de-forum-do-novo-ppa","status":"publish","type":"post","link":"http:\/\/www.muricionline.com.br\/novo\/?p=20050","title":{"rendered":"Munda\u00fa: Prefeito e secret\u00e1rio Andr\u00e9 participam de F\u00f3rum do novo PPA"},"content":{"rendered":"<p>O prefeito de Santana do Munda\u00fa, Arthur Freitas (MDB), e o secret\u00e1rio Municipal de Educa\u00e7\u00e3o, Andr\u00e9 Castro, participaram do 1\u00b0 F\u00f3rum Regional Participativo do novo Plano Plurianual (PPA), nesta quinta-feira (27\/4), no munic\u00edpio de Uni\u00e3o dos Palmares.<\/p>\n<div align=\"center\">&nbsp;<\/div>\n<p>Realizado pela Secretaria de Estado do Planejamento, Gest\u00e3o e Patrim\u00f4nio (Seplag), o evento aconteceu no audit\u00f3rio da Universidade Estadual de Alagoas (Uneal) e tem como objetivo ouvir a sociedade para a constru\u00e7\u00e3o do novo planejamento do Estado para os pr\u00f3ximos quatro anos.<\/p>\n<p>&#8220;Oportunidade de discutirmos e dialogarmos sobre as melhorias das pol\u00edticas p\u00fablicas essenciais para a popula\u00e7\u00e3o da nossa Munda\u00fa e de toda a regi\u00e3o&#8221;, disse Arthur. &#8220;Momento de debater melhorias estruturantes para Munda\u00fa e toda a nossa regi\u00e3o&#8221;, ressaltou o secret\u00e1rio Andr\u00e9.&nbsp;&nbsp;<\/p>\n<p>Al\u00e9m de Uni\u00e3o, outros oito munic\u00edpios das regi\u00f5es Agreste, Sert\u00e3o e Leste Alagoano v\u00e3o receber os f\u00f3runs. S\u00e3o eles: Delmiro Gouveia, Penedo, S\u00e3o Miguel dos Campos, Palmeira dos \u00cdndios, Maragogi, Macei\u00f3, Arapiraca e Santana do Ipanema.<\/p>\n<p>A programa\u00e7\u00e3o completa com os dias e locais da realiza\u00e7\u00e3o dos f\u00f3runs est\u00e1 no site ppa.al.gov.br.<\/p>\n<p>Com O Alagoano&nbsp;<\/p>\n<span style=\"clear:both;display:none;\"><img src=\"http:\/\/www.muricionline.com.br\/novo\/wp-content\/plugins\/wp-spamfree\/img\/wpsf-img.php\" width=\"0\" height=\"0\" alt=\"\" style=\"border-style:none;width:0px;height:0px;display:none;\" \/><\/span>","protected":false},"excerpt":{"rendered":"<p>O prefeito de Santana do Munda\u00fa, Arthur Freitas (MDB), e o secret\u00e1rio Municipal de Educa\u00e7\u00e3o, Andr\u00e9 Castro, participaram do 1\u00b0 F\u00f3rum Regional Participativo do novo Plano Plurianual (PPA), nesta quinta-feira (27\/4), no munic\u00edpio de Uni\u00e3o dos Palmares. &nbsp; Realizado pela Secretaria de Estado do Planejamento, Gest\u00e3o e Patrim\u00f4nio (Seplag), o evento aconteceu no audit\u00f3rio da&#8230;<\/p>\n","protected":false},"author":1,"featured_media":20051,"comment_status":"open","ping_status":"open","sticky":false,"template":"","format":"standard","meta":{"footnotes":""},"categories":[1],"tags":[],"_links":{"self":[{"href":"http:\/\/www.muricionline.com.br\/novo\/index.php?rest_route=\/wp\/v2\/posts\/20050"}],"collection":[{"href":"http:\/\/www.muricionline.com.br\/novo\/index.php?rest_route=\/wp\/v2\/posts"}],"about":[{"href":"http:\/\/www.muricionline.com.br\/novo\/index.php?rest_route=\/wp\/v2\/types\/post"}],"author":[{"embeddable":true,"href":"http:\/\/www.muricionline.com.br\/novo\/index.php?rest_route=\/wp\/v2\/users\/1"}],"replies":[{"embeddable":true,"href":"http:\/\/www.muricionline.com.br\/novo\/index.php?rest_route=%2Fwp%2Fv2%2Fcomments&post=20050"}],"version-history":[{"count":1,"href":"http:\/\/www.muricionline.com.br\/novo\/index.php?rest_route=\/wp\/v2\/posts\/20050\/revisions"}],"predecessor-version":[{"id":20052,"href":"http:\/\/www.muricionline.com.br\/novo\/index.php?rest_route=\/wp\/v2\/posts\/20050\/revisions\/20052"}],"wp:featuredmedia":[{"embeddable":true,"href":"http:\/\/www.muricionline.com.br\/novo\/index.php?rest_route=\/wp\/v2\/media\/20051"}],"wp:attachment":[{"href":"http:\/\/www.muricionline.com.br\/novo\/index.php?rest_route=%2Fwp%2Fv2%2Fmedia&parent=20050"}],"wp:term":[{"taxonomy":"category","embeddable":true,"href":"http:\/\/www.muricionline.com.br\/novo\/index.php?rest_route=%2Fwp%2Fv2%2Fcategories&post=20050"},{"taxonomy":"post_tag","embeddable":true,"href":"http:\/\/www.muricionline.com.br\/novo\/index.php?rest_route=%2Fwp%2Fv2%2Ftags&post=20050"}],"curies":[{"name":"wp","href":"https:\/\/api.w.org\/{rel}","templated":true}]}}