{"id":20053,"date":"2023-04-28T09:55:05","date_gmt":"2023-04-28T12:55:05","guid":{"rendered":"http:\/\/www.muricionline.com.br\/novo\/?p=20053"},"modified":"2023-04-28T09:55:10","modified_gmt":"2023-04-28T12:55:10","slug":"governador-participa-do-lancamento-dos-foruns-regionais-para-construcao-do-ppa","status":"publish","type":"post","link":"http:\/\/www.muricionline.com.br\/novo\/?p=20053","title":{"rendered":"Governador participa do lan\u00e7amento dos f\u00f3runs regionais para constru\u00e7\u00e3o do PPA"},"content":{"rendered":"<p>Dando in\u00edcio ao direcionamento das a\u00e7\u00f5es que o Governo de Alagoas pretende seguir nos pr\u00f3ximos quatro anos, o governador Paulo Dantas participou nesta quinta-feira (27), do 1\u00b0 F\u00f3rum Participativo para a constru\u00e7\u00e3o do Plano Plurianual 2024-2027. O evento foi realizado em Uni\u00e3o dos Palmares e contou com a participa\u00e7\u00e3o de prefeitos da regi\u00e3o, secret\u00e1rios estaduais, parlamentares, movimentos sociais e representantes da sociedade civil.<\/p>\n<p>Paulo afirmou que o modelo de PPA adotado por Alagoas &#8211; que est\u00e1 sendo coordenado pela Secretaria de Planejamento, Gest\u00e3o e Patrim\u00f4nio (Seplag) &#8211; tem sido bastante elogiado no pa\u00eds, por ser um dos mais modernos em constru\u00e7\u00e3o e que busca atender aos mais variados segmentos da sociedade, ao mesmo tempo em que serve para projetar o Estado para continuar sendo refer\u00eancia no Brasil.<\/p>\n<p>\u201cVamos percorrer as 9 regi\u00f5es administrativas do Estado para&nbsp; ouvir gestores e toda a popula\u00e7\u00e3o, conhecendo as reais necessidades dos alagoanos. Assim vamos conseguir elaborar um PPA que vai nos direcionar para fazer o melhor Governo do pa\u00eds nos pr\u00f3ximos anos. Conversei com os ministros em Bras\u00edlia e todos querem conhecer de perto o trabalho que estamos desenvolvendo\u201d, destacou.<\/p>\n<p>O secret\u00e1rio Gabriel Albino destacou a import\u00e2ncia de come\u00e7ar o di\u00e1logo com a popula\u00e7\u00e3o da Zona da Mata, em especial no munic\u00edpio escolhido por sua forte presen\u00e7a na consci\u00eancia cidad\u00e3 dos alagoanos. \u201cIniciar os f\u00f3runs regionais em Uni\u00e3o dos Palmares foi muito significativo. A cidade \u00e9 emblem\u00e1tica, com seu hist\u00f3rico de luta e resist\u00eancia&#8221;, enfatizou o secret\u00e1rio Gabriel Albino, em alus\u00e3o ao Quilombo dos Palmares e seu l\u00edder Zumbi, que tanto dignificam o nome de Alagoas pelo mundo. E completou: &#8220;Iremos percorrer outros oito munic\u00edpios e suas respectivas regi\u00f5es para que, na soma de esfor\u00e7os, n\u00f3s consigamos fazer desta gest\u00e3o um legado para o Estado&#8221;.<\/p>\n<p>Na oportunidade, o prefeito de Uni\u00e3o dos Palmares, Kil Freitas, aproveitou para apresentar as demandas da cidade e regi\u00e3o, em especial mais investimentos no turismo e na agricultura familiar.&nbsp;Ap\u00f3s o evento, o governador Paulo Dantas percorreu as instala\u00e7\u00f5es da Universidade Estadual de Alagoas (Uneal) e os museus Muqu\u00e9m e \u00cdndio Alagoano.<\/p>\n<p>Tamb\u00e9m participaram do evento a primeira-dama Marina Dantas; o deputado estadual Remi Calheiros; as secret\u00e1rias B\u00e1rbara Braga (Turismo), K\u00e1tia Born (Desenvolvimento Social) e Aline Rodrigues (Pessoa com Defici\u00eancia e Cidadania); e os secret\u00e1rios Vitor Pereira (Governo), Gino C\u00e9sar (Meio Ambiente), S\u00edlvio Bulh\u00f5es (Ci\u00eancia e Tecnologia) e Joaldo Cavalcante (Comunica\u00e7\u00e3o); e os prefeitos Neno Freitas (Branquinha) e Arthur Freitas (Santana do Munda\u00fa), al\u00e9m de lideran\u00e7as pol\u00edticas da regi\u00e3o.<\/p>\n<p>&nbsp;<\/p>\n<p>Com Assessoria&nbsp;<\/p>\n<span style=\"clear:both;display:none;\"><img src=\"http:\/\/www.muricionline.com.br\/novo\/wp-content\/plugins\/wp-spamfree\/img\/wpsf-img.php\" width=\"0\" height=\"0\" alt=\"\" style=\"border-style:none;width:0px;height:0px;display:none;\" \/><\/span>","protected":false},"excerpt":{"rendered":"<p>Dando in\u00edcio ao direcionamento das a\u00e7\u00f5es que o Governo de Alagoas pretende seguir nos pr\u00f3ximos quatro anos, o governador Paulo Dantas participou nesta quinta-feira (27), do 1\u00b0 F\u00f3rum Participativo para a constru\u00e7\u00e3o do Plano Plurianual 2024-2027. O evento foi realizado em Uni\u00e3o dos Palmares e contou com a participa\u00e7\u00e3o de prefeitos da regi\u00e3o, secret\u00e1rios estaduais,&#8230;<\/p>\n","protected":false},"author":1,"featured_media":20054,"comment_status":"open","ping_status":"open","sticky":false,"template":"","format":"standard","meta":{"footnotes":""},"categories":[1],"tags":[5],"_links":{"self":[{"href":"http:\/\/www.muricionline.com.br\/novo\/index.php?rest_route=\/wp\/v2\/posts\/20053"}],"collection":[{"href":"http:\/\/www.muricionline.com.br\/novo\/index.php?rest_route=\/wp\/v2\/posts"}],"about":[{"href":"http:\/\/www.muricionline.com.br\/novo\/index.php?rest_route=\/wp\/v2\/types\/post"}],"author":[{"embeddable":true,"href":"http:\/\/www.muricionline.com.br\/novo\/index.php?rest_route=\/wp\/v2\/users\/1"}],"replies":[{"embeddable":true,"href":"http:\/\/www.muricionline.com.br\/novo\/index.php?rest_route=%2Fwp%2Fv2%2Fcomments&post=20053"}],"version-history":[{"count":1,"href":"http:\/\/www.muricionline.com.br\/novo\/index.php?rest_route=\/wp\/v2\/posts\/20053\/revisions"}],"predecessor-version":[{"id":20055,"href":"http:\/\/www.muricionline.com.br\/novo\/index.php?rest_route=\/wp\/v2\/posts\/20053\/revisions\/20055"}],"wp:featuredmedia":[{"embeddable":true,"href":"http:\/\/www.muricionline.com.br\/novo\/index.php?rest_route=\/wp\/v2\/media\/20054"}],"wp:attachment":[{"href":"http:\/\/www.muricionline.com.br\/novo\/index.php?rest_route=%2Fwp%2Fv2%2Fmedia&parent=20053"}],"wp:term":[{"taxonomy":"category","embeddable":true,"href":"http:\/\/www.muricionline.com.br\/novo\/index.php?rest_route=%2Fwp%2Fv2%2Fcategories&post=20053"},{"taxonomy":"post_tag","embeddable":true,"href":"http:\/\/www.muricionline.com.br\/novo\/index.php?rest_route=%2Fwp%2Fv2%2Ftags&post=20053"}],"curies":[{"name":"wp","href":"https:\/\/api.w.org\/{rel}","templated":true}]}}