{"id":20056,"date":"2023-04-28T19:04:58","date_gmt":"2023-04-28T22:04:58","guid":{"rendered":"http:\/\/www.muricionline.com.br\/novo\/?p=20056"},"modified":"2023-04-28T21:51:50","modified_gmt":"2023-04-29T00:51:50","slug":"angela-vanessa-inaugura-sistema-de-seguranca-com-reconhecimento-facial-nas-unidades-de-ensino-de-sao-jose-da-laje","status":"publish","type":"post","link":"http:\/\/www.muricionline.com.br\/novo\/?p=20056","title":{"rendered":"Prefeita Angela Vanessa inaugura sistema de seguran\u00e7a com reconhecimento facial em unidades de ensino"},"content":{"rendered":"<p>S\u00e3o Jos\u00e9 da Laje \u00e9 a primeira cidade de Alagoas a implantar este sistema de seguran\u00e7a nas escolas<\/p>\n<p>A prefeita Angela Vanessa realizou na manh\u00e3 desta sexta-feira 28, a entrega dos detectores de metais e do lan\u00e7amento do sistema de seguran\u00e7a com reconhecimento facial que ser\u00e3o instalados e utilizados em todas \u00e0s unidades de ensino, o lan\u00e7amento ocorreu na Creche Prof\u00aa Ruth Valen\u00e7a, e j\u00e1 est\u00e1 em pleno funcionamento na unidade, dando mais seguran\u00e7a para alunos, servidores e pais. Essa iniciativa do mun\u00edcipio \u00e9 pioneira em todo estado de Alagoas.<\/p>\n<p>Al\u00e9m da prefeita Angela Vanessa e do Vice Dr. Junior, o evento contou com a presen\u00e7a do ex-prefeito e suplente de Deputado Federal Rodrigo Valen\u00e7a, o secret\u00e1rio de rela\u00e7\u00f5es institucionais Neno da Laje, o presidente da c\u00e2mara Ricardo Claudino, os propriet\u00e1rios da Teltex , Luiz Carlos Alves e Thiago Duardes demais vereadores, secret\u00e1rios, e toda comunidade escolar.<\/p>\n<p>As a\u00e7\u00f5es e investimentos que visam \u00e0 seguran\u00e7a nas escolas da rede municipal de ensino tem sido um marco na gest\u00e3o da prefeita Angela Vanessa que bem antes dos tristes ataques que aconteceram pelo Brasil, \u00e0 gest\u00e3o municipal j\u00e1 tinha iniciado a instala\u00e7\u00e3o de c\u00e2meras de seguran\u00e7a nas creches e escolas.<\/p>\n<p>A prefeita Angela Vanessa destacou a import\u00e2ncia desse investimento. \u201cHoje estamos dando in\u00edcio a implanta\u00e7\u00e3o do sistema de reconhecimento facial, n\u00e3o s\u00f3 aqui na Creche Ruth Valen\u00e7a, mas em todas as unidades de ensino da rede municipal, equipamentos de ultima gera\u00e7\u00e3o, onde nossa cidade est\u00e1 sendo pioneira, deixando nossas unidades de ensino mais seguras, vamos seguir investindo, fazendo com que o ambiente escolar seja um local seguro e de acolhimento para nossos alunos, professores e pais.\u201d Finalizou a prefeita Angela Vanessa.<\/p>\n<p><a href=\"http:\/\/www.muricionline.com.br\/novo\/wp-content\/uploads\/2023\/04\/9A6D9017-8E13-4429-868B-5B12875A99C6.jpeg\"><img loading=\"lazy\" decoding=\"async\" class=\"aligncenter size-full wp-image-20058\" src=\"http:\/\/www.muricionline.com.br\/novo\/wp-content\/uploads\/2023\/04\/9A6D9017-8E13-4429-868B-5B12875A99C6.jpeg\" alt=\"\" width=\"1024\" height=\"574\" srcset=\"http:\/\/www.muricionline.com.br\/novo\/wp-content\/uploads\/2023\/04\/9A6D9017-8E13-4429-868B-5B12875A99C6.jpeg 1024w, http:\/\/www.muricionline.com.br\/novo\/wp-content\/uploads\/2023\/04\/9A6D9017-8E13-4429-868B-5B12875A99C6-250x140.jpeg 250w, http:\/\/www.muricionline.com.br\/novo\/wp-content\/uploads\/2023\/04\/9A6D9017-8E13-4429-868B-5B12875A99C6-768x431.jpeg 768w, http:\/\/www.muricionline.com.br\/novo\/wp-content\/uploads\/2023\/04\/9A6D9017-8E13-4429-868B-5B12875A99C6-400x224.jpeg 400w\" sizes=\"(max-width: 1024px) 100vw, 1024px\" \/><\/a><br \/>\nComo funciona?<\/p>\n<p>Al\u00e9m dos detectores de metais que ser\u00e3o utilizados pelos vigilantes escolares, os servidores, alunos e respons\u00e1veis far\u00e3o um cadastro no sistema de seguran\u00e7a facial, assim, s\u00f3 \u00e9 autorizada a entrada destas pessoas nas unidades de ensino mediante aprova\u00e7\u00e3o do sistema.<\/p>\n<p>Presente no evento, o ex-prefeito e primeiro suplente de Deputado Federal, Rodrigo Valen\u00e7a pontuou os avan\u00e7os que o munic\u00edpio vem alcan\u00e7ando e os investimentos na educa\u00e7\u00e3o e seguran\u00e7a das escolas. \u201cQuero dizer a todas as m\u00e3es e pais de alunos, fiquem com o cora\u00e7\u00e3o tranquilo que nossa gest\u00e3o vai continuar cuidando das creches e escolas, e de todos os nossos alunos e servidores, vamos colocar em todas as escolas e creches esse sistema de monitoramento facial, que vai evitar que pessoas estranhas entrem nas unidades de ensino, estamos construindo mais duas creches, ser\u00e3o seis creches no total em nosso munic\u00edpio, nossas crian\u00e7as ser\u00e3o atendidas em tempo integral, com merenda de qualidade, brinquedoteca, estamos cuidando das nossas crian\u00e7as, com o carinho e o cuidado que as m\u00e3es tem por seus filhos, a gest\u00e3o da prefeita Angela Vanessa \u00e9 reconhecida como uma das 10 melhores de Alagoas, e vamos continuar trabalhando cada vez mais por todos os lajenses.\u201d Destacou o ex-prefeito Rodrigo Valen\u00e7a.<\/p>\n<p>&nbsp;<\/p>\n<p>Com Assessoria&nbsp;<\/p>\n<span style=\"clear:both;display:none;\"><img src=\"http:\/\/www.muricionline.com.br\/novo\/wp-content\/plugins\/wp-spamfree\/img\/wpsf-img.php\" width=\"0\" height=\"0\" alt=\"\" style=\"border-style:none;width:0px;height:0px;display:none;\" \/><\/span>","protected":false},"excerpt":{"rendered":"<p>S\u00e3o Jos\u00e9 da Laje \u00e9 a primeira cidade de Alagoas a implantar este sistema de seguran\u00e7a nas escolas A prefeita Angela Vanessa realizou na manh\u00e3 desta sexta-feira 28, a entrega dos detectores de metais e do lan\u00e7amento do sistema de seguran\u00e7a com reconhecimento facial que ser\u00e3o instalados e utilizados em todas \u00e0s unidades de ensino,&#8230;<\/p>\n","protected":false},"author":1,"featured_media":20057,"comment_status":"open","ping_status":"open","sticky":false,"template":"","format":"standard","meta":{"footnotes":""},"categories":[1],"tags":[5],"_links":{"self":[{"href":"http:\/\/www.muricionline.com.br\/novo\/index.php?rest_route=\/wp\/v2\/posts\/20056"}],"collection":[{"href":"http:\/\/www.muricionline.com.br\/novo\/index.php?rest_route=\/wp\/v2\/posts"}],"about":[{"href":"http:\/\/www.muricionline.com.br\/novo\/index.php?rest_route=\/wp\/v2\/types\/post"}],"author":[{"embeddable":true,"href":"http:\/\/www.muricionline.com.br\/novo\/index.php?rest_route=\/wp\/v2\/users\/1"}],"replies":[{"embeddable":true,"href":"http:\/\/www.muricionline.com.br\/novo\/index.php?rest_route=%2Fwp%2Fv2%2Fcomments&post=20056"}],"version-history":[{"count":3,"href":"http:\/\/www.muricionline.com.br\/novo\/index.php?rest_route=\/wp\/v2\/posts\/20056\/revisions"}],"predecessor-version":[{"id":20061,"href":"http:\/\/www.muricionline.com.br\/novo\/index.php?rest_route=\/wp\/v2\/posts\/20056\/revisions\/20061"}],"wp:featuredmedia":[{"embeddable":true,"href":"http:\/\/www.muricionline.com.br\/novo\/index.php?rest_route=\/wp\/v2\/media\/20057"}],"wp:attachment":[{"href":"http:\/\/www.muricionline.com.br\/novo\/index.php?rest_route=%2Fwp%2Fv2%2Fmedia&parent=20056"}],"wp:term":[{"taxonomy":"category","embeddable":true,"href":"http:\/\/www.muricionline.com.br\/novo\/index.php?rest_route=%2Fwp%2Fv2%2Fcategories&post=20056"},{"taxonomy":"post_tag","embeddable":true,"href":"http:\/\/www.muricionline.com.br\/novo\/index.php?rest_route=%2Fwp%2Fv2%2Ftags&post=20056"}],"curies":[{"name":"wp","href":"https:\/\/api.w.org\/{rel}","templated":true}]}}