{"id":20062,"date":"2023-04-28T22:20:35","date_gmt":"2023-04-29T01:20:35","guid":{"rendered":"http:\/\/www.muricionline.com.br\/novo\/?p=20062"},"modified":"2023-04-28T22:20:35","modified_gmt":"2023-04-29T01:20:35","slug":"prefeita-de-santana-participa-de-sessao-solene-na-camara-de-vereadores-em-homenagem-aos-148-anos-de-santana","status":"publish","type":"post","link":"http:\/\/www.muricionline.com.br\/novo\/?p=20062","title":{"rendered":"Prefeita de Santana participa de sess\u00e3o solene na C\u00e2mara de Vereadores em homenagem aos 148 anos de Santana"},"content":{"rendered":"<p>A prefeita de Santana do Ipanema, participou na manh\u00e3 desta sexta-feira (28), da sess\u00e3o solene em homenagem aos 148 Anos de Emancipa\u00e7\u00e3o Pol\u00edtica de Santana do Ipanema, promovida pela C\u00e2mara de Vereadores do munic\u00edpio. A sess\u00e3o foi a primeira realizada pela Casa T\u00e1cio Chagas Duarte, por iniciativa do presidente Moacir J\u00fanior e contou com as presen\u00e7as dos vereadores M\u00e1rio do Laborat\u00f3rio, Elielson Motorista, Papa Tudo, Dev\u00e1 do \u00d3leo, Ronberto Oliveira, Nego de Zito, Junior Meirica, Eliana Fofa e Tanila Almeida. O vice-prefeito Iury e secret\u00e1rios municipais tamb\u00e9m marcaram presen\u00e7a.<\/p>\n<p>O presidente da Casa abriu os trabalhos e falou do momento hist\u00f3rico que Santana do Ipanema vive em seus 148 anos de Emancipa\u00e7\u00e3o, agradeceu a prefeita pela presen\u00e7a e reiterou compromisso do Legislativo com o Executivo pelo desenvolvimento de Santana.<\/p>\n<p>Em seu discurso, a prefeita Christiane Bulh\u00f5es destacou a solidez fiscal constru\u00edda nos \u00faltimos, os investimentos nas \u00e1reas de Sa\u00fade, Educa\u00e7\u00e3o, Assist\u00eancia Social, Infraestrutura e Agricultura e refor\u00e7ou o compromisso da Prefeitura em dar continuidade as obras estruturantes e aos programas sociais.<\/p>\n<p>&#8220;A Casa T\u00e1cio Chagas Duarte tem um papel muito importante no desenvolvimento do nosso munic\u00edpio, dando voz aos santanenses, e tamb\u00e9m merece nossas homenagens nesse momento hist\u00f3rico. Agrade\u00e7o ao presidente Moacir J\u00fanior e todos os vereadores pelo honroso convite. Estarei sempre \u00e0 disposi\u00e7\u00e3o para trabalharmos juntos em prol do povo santanense&#8221;, comentou a chefe do executivo.<\/p>\n<p>Com Assessoria&nbsp;<\/p>\n<span style=\"clear:both;display:none;\"><img src=\"http:\/\/www.muricionline.com.br\/novo\/wp-content\/plugins\/wp-spamfree\/img\/wpsf-img.php\" width=\"0\" height=\"0\" alt=\"\" style=\"border-style:none;width:0px;height:0px;display:none;\" \/><\/span>","protected":false},"excerpt":{"rendered":"<p>A prefeita de Santana do Ipanema, participou na manh\u00e3 desta sexta-feira (28), da sess\u00e3o solene em homenagem aos 148 Anos de Emancipa\u00e7\u00e3o Pol\u00edtica de Santana do Ipanema, promovida pela C\u00e2mara de Vereadores do munic\u00edpio. A sess\u00e3o foi a primeira realizada pela Casa T\u00e1cio Chagas Duarte, por iniciativa do presidente Moacir J\u00fanior e contou com as&#8230;<\/p>\n","protected":false},"author":1,"featured_media":20063,"comment_status":"open","ping_status":"open","sticky":false,"template":"","format":"standard","meta":{"footnotes":""},"categories":[1],"tags":[5],"_links":{"self":[{"href":"http:\/\/www.muricionline.com.br\/novo\/index.php?rest_route=\/wp\/v2\/posts\/20062"}],"collection":[{"href":"http:\/\/www.muricionline.com.br\/novo\/index.php?rest_route=\/wp\/v2\/posts"}],"about":[{"href":"http:\/\/www.muricionline.com.br\/novo\/index.php?rest_route=\/wp\/v2\/types\/post"}],"author":[{"embeddable":true,"href":"http:\/\/www.muricionline.com.br\/novo\/index.php?rest_route=\/wp\/v2\/users\/1"}],"replies":[{"embeddable":true,"href":"http:\/\/www.muricionline.com.br\/novo\/index.php?rest_route=%2Fwp%2Fv2%2Fcomments&post=20062"}],"version-history":[{"count":1,"href":"http:\/\/www.muricionline.com.br\/novo\/index.php?rest_route=\/wp\/v2\/posts\/20062\/revisions"}],"predecessor-version":[{"id":20064,"href":"http:\/\/www.muricionline.com.br\/novo\/index.php?rest_route=\/wp\/v2\/posts\/20062\/revisions\/20064"}],"wp:featuredmedia":[{"embeddable":true,"href":"http:\/\/www.muricionline.com.br\/novo\/index.php?rest_route=\/wp\/v2\/media\/20063"}],"wp:attachment":[{"href":"http:\/\/www.muricionline.com.br\/novo\/index.php?rest_route=%2Fwp%2Fv2%2Fmedia&parent=20062"}],"wp:term":[{"taxonomy":"category","embeddable":true,"href":"http:\/\/www.muricionline.com.br\/novo\/index.php?rest_route=%2Fwp%2Fv2%2Fcategories&post=20062"},{"taxonomy":"post_tag","embeddable":true,"href":"http:\/\/www.muricionline.com.br\/novo\/index.php?rest_route=%2Fwp%2Fv2%2Ftags&post=20062"}],"curies":[{"name":"wp","href":"https:\/\/api.w.org\/{rel}","templated":true}]}}