{"id":20071,"date":"2023-04-29T12:41:20","date_gmt":"2023-04-29T15:41:20","guid":{"rendered":"http:\/\/www.muricionline.com.br\/novo\/?p=20071"},"modified":"2023-04-29T12:41:50","modified_gmt":"2023-04-29T15:41:50","slug":"sao-jose-da-laje-e-a-primeira-cidade-do-nordeste-a-lancar-o-projeto-bem-estar-em-parceira-com-as-tintas-coral","status":"publish","type":"post","link":"http:\/\/www.muricionline.com.br\/novo\/?p=20071","title":{"rendered":"S\u00e3o Jos\u00e9 da Laje \u00e9 a primeira cidade do nordeste a lan\u00e7ar o projeto Bem Estar em parceira com as Tintas Coral"},"content":{"rendered":"<p>O munic\u00edpio de S\u00e3o Jos\u00e9 da Laje em parceria com as tintas Coral deu in\u00edcio ao Projeto Bem Estar, o munic\u00edpio \u00e9 o primeiro do Nordeste a receber esse projeto, o ponta p\u00e9 inicial aconteceu na Creche Prof\u00aa. Telma Lopes<\/p>\n<p>As tintas Coral lan\u00e7ou uma tinta incolor e anti-mosquitos que ser\u00e1 utilizada nas creches e escolas de S\u00e3o Jos\u00e9 da Laje, uma importante ferramenta contra a Dengue, Zika e Chicungunya. Estava presente no lan\u00e7amento a prefeita Angela Vanessa, o Vice Dr. Junior, o ex- prefeito e suplente de deputado federal Rodrigo Valen\u00e7a, o secret\u00e1rio de rela\u00e7\u00f5es institucionais Neno da Laje, representantes das Tintas Coral, vereadores e demais secret\u00e1rios.<\/p>\n<p>O munic\u00edpio de S\u00e3o Jos\u00e9 da Laje pioneiro nessa a\u00e7\u00e3o das Tintas Coral tamb\u00e9m recebe outros projetos atrav\u00e9s de parcerias com a empresa multinacional como o Projeto Tudo de Cor, que tamb\u00e9m conta com a Carajas Home Center, e a prefeita Angela Vanessa destacou essas a\u00e7\u00f5es.<\/p>\n<p>\u201cFormamos uma importante Parceria com as Tintas Coral. Nossa cidade \u00e9 a primeira cidade do nordeste a receber o Projeto Bem Estar. Aqui a empresa Coral lan\u00e7ou uma tinta incolor que \u00e9 anti-mosquito. Que ir\u00e1 proteger nossas crian\u00e7as do mosquito causador de doen\u00e7as como a contra Dengue, Zika e Chicungunya, e vamos utilizar em todas as nossas creches e escolas. Quero agradecer as tintas Coral uma empresa multinacional , renomada por ter escolhido nossa Princesa das Fronteiras como modelo. Isso nos deixa lisongeados e comprova a credibilidade, compromisso e parceria que nossa gest\u00e3o tem nesse Brasil a fora.\u201d Finalizou a prefeita Angela Vanessa.<\/p>\n<p>Foi durante a gest\u00e3o do ex-prefeito prefeito Rodrigo Valen\u00e7a que a parceria Tintas Coral e munic\u00edpio deu in\u00edcio, presente no evento o ex-prefeito Rodrigo Valen\u00e7a falou sobre as a\u00e7\u00f5es realizadas na cidade.<\/p>\n<p>\u201c\u00c9 muito gratificante saber que nossa gest\u00e3o tem o respeito, e confian\u00e7a de empresas como as Tintas Coral, essa parceria come\u00e7ou no Projeto Tudo de Cor onde estamos restaurando as fachadas de pr\u00e9dios hist\u00f3ricos da nossa cidade, e agora somos a primeira cidade do Nordeste a receber o Projeto Bem Estar, que vai proteger nossas crian\u00e7as, e educadores, uma importante ferramenta de combate ao mosquito Aedes aegypti, vamos ampliar parcerias como essa para fazer com que S\u00e3o Jos\u00e9 da Laje continue avan\u00e7ando.\u201d Destacou Rodrigo Valen\u00e7a.<\/p>\n<p>Por Secom &#8211;&nbsp;S\u00e3o Jos\u00e9 da Laje\/AL<\/p>\n<span style=\"clear:both;display:none;\"><img src=\"http:\/\/www.muricionline.com.br\/novo\/wp-content\/plugins\/wp-spamfree\/img\/wpsf-img.php\" width=\"0\" height=\"0\" alt=\"\" style=\"border-style:none;width:0px;height:0px;display:none;\" \/><\/span>","protected":false},"excerpt":{"rendered":"<p>O munic\u00edpio de S\u00e3o Jos\u00e9 da Laje em parceria com as tintas Coral deu in\u00edcio ao Projeto Bem Estar, o munic\u00edpio \u00e9 o primeiro do Nordeste a receber esse projeto, o ponta p\u00e9 inicial aconteceu na Creche Prof\u00aa. Telma Lopes As tintas Coral lan\u00e7ou uma tinta incolor e anti-mosquitos que ser\u00e1 utilizada nas creches e&#8230;<\/p>\n","protected":false},"author":1,"featured_media":20073,"comment_status":"open","ping_status":"open","sticky":false,"template":"","format":"standard","meta":{"footnotes":""},"categories":[1],"tags":[5],"_links":{"self":[{"href":"http:\/\/www.muricionline.com.br\/novo\/index.php?rest_route=\/wp\/v2\/posts\/20071"}],"collection":[{"href":"http:\/\/www.muricionline.com.br\/novo\/index.php?rest_route=\/wp\/v2\/posts"}],"about":[{"href":"http:\/\/www.muricionline.com.br\/novo\/index.php?rest_route=\/wp\/v2\/types\/post"}],"author":[{"embeddable":true,"href":"http:\/\/www.muricionline.com.br\/novo\/index.php?rest_route=\/wp\/v2\/users\/1"}],"replies":[{"embeddable":true,"href":"http:\/\/www.muricionline.com.br\/novo\/index.php?rest_route=%2Fwp%2Fv2%2Fcomments&post=20071"}],"version-history":[{"count":1,"href":"http:\/\/www.muricionline.com.br\/novo\/index.php?rest_route=\/wp\/v2\/posts\/20071\/revisions"}],"predecessor-version":[{"id":20074,"href":"http:\/\/www.muricionline.com.br\/novo\/index.php?rest_route=\/wp\/v2\/posts\/20071\/revisions\/20074"}],"wp:featuredmedia":[{"embeddable":true,"href":"http:\/\/www.muricionline.com.br\/novo\/index.php?rest_route=\/wp\/v2\/media\/20073"}],"wp:attachment":[{"href":"http:\/\/www.muricionline.com.br\/novo\/index.php?rest_route=%2Fwp%2Fv2%2Fmedia&parent=20071"}],"wp:term":[{"taxonomy":"category","embeddable":true,"href":"http:\/\/www.muricionline.com.br\/novo\/index.php?rest_route=%2Fwp%2Fv2%2Fcategories&post=20071"},{"taxonomy":"post_tag","embeddable":true,"href":"http:\/\/www.muricionline.com.br\/novo\/index.php?rest_route=%2Fwp%2Fv2%2Ftags&post=20071"}],"curies":[{"name":"wp","href":"https:\/\/api.w.org\/{rel}","templated":true}]}}