{"id":20075,"date":"2023-05-01T07:13:34","date_gmt":"2023-05-01T10:13:34","guid":{"rendered":"http:\/\/www.muricionline.com.br\/novo\/?p=20075"},"modified":"2023-05-01T07:13:34","modified_gmt":"2023-05-01T10:13:34","slug":"secretario-ewerton-matias-apresenta-prestacao-de-contas-da-saude-de-murici","status":"publish","type":"post","link":"http:\/\/www.muricionline.com.br\/novo\/?p=20075","title":{"rendered":"Secret\u00e1rio Ewerton Matias apresenta presta\u00e7\u00e3o de contas da Sa\u00fade de Murici"},"content":{"rendered":"<p>Em audi\u00eancia p\u00fablica realizada na quinta-feira (27\/4), no plen\u00e1rio da C\u00e2mara de Vereadores, o secret\u00e1rio Municipal de Sa\u00fade de Murici, Ewerton Matias, prestou contas dos gastos e a\u00e7\u00f5es desenvolvidas pela pasta no ano de 2022.<\/p>\n<p>&#8220;Nesse relat\u00f3rio cont\u00e9m toda a receita recebida pela Secretaria Municipal de Sa\u00fade de Murici. As despesas, onde n\u00f3s aplicamos a\u00ed esses recursos, n\u00e9? De forma muito detalhada quais as a\u00e7\u00f5es e servi\u00e7os que n\u00f3s disponibilizamos pra comunidade muriciense no ano de 2022&#8221;, explicou Ewerton.<\/p>\n<p><a href=\"http:\/\/www.muricionline.com.br\/novo\/wp-content\/uploads\/2023\/05\/817EF1DC-4444-4574-B303-7168C0DBFE60.jpeg\"><img loading=\"lazy\" decoding=\"async\" class=\"aligncenter size-full wp-image-20076\" src=\"http:\/\/www.muricionline.com.br\/novo\/wp-content\/uploads\/2023\/05\/817EF1DC-4444-4574-B303-7168C0DBFE60.jpeg\" alt=\"\" width=\"1024\" height=\"768\" srcset=\"http:\/\/www.muricionline.com.br\/novo\/wp-content\/uploads\/2023\/05\/817EF1DC-4444-4574-B303-7168C0DBFE60.jpeg 1024w, http:\/\/www.muricionline.com.br\/novo\/wp-content\/uploads\/2023\/05\/817EF1DC-4444-4574-B303-7168C0DBFE60-250x188.jpeg 250w, http:\/\/www.muricionline.com.br\/novo\/wp-content\/uploads\/2023\/05\/817EF1DC-4444-4574-B303-7168C0DBFE60-768x576.jpeg 768w, http:\/\/www.muricionline.com.br\/novo\/wp-content\/uploads\/2023\/05\/817EF1DC-4444-4574-B303-7168C0DBFE60-400x300.jpeg 400w\" sizes=\"(max-width: 1024px) 100vw, 1024px\" \/><\/a><\/p>\n<p>O presidente do Legislativo, vereador Deivinho Vasconcelos, destacou que a audi\u00eancia \u00e9 solicitada todos os anos pelo secret\u00e1rio e deixou o espa\u00e7o aberto para os demais gestores.&#8221;Aquele que quiser vim aqui \u00e0 C\u00e2mara Municipal prestar conta, a C\u00e2mara vai sempre estar recebendo bra\u00e7os aberto&#8221;, frisou o parlamentar.<\/p>\n<p>O maior avan\u00e7o da pasta \u00e9 poder apresentar de forma transparente como a gest\u00e3o tem aplicados os recusros, pontuou Ewerton, elencando diversos programas criados pelo Munic\u00edpio, a exempo do Gesta\u00e7\u00e3o Nota 10 e Atividade F\u00edsica na Pra\u00e7a.<\/p>\n<p><a href=\"http:\/\/www.muricionline.com.br\/novo\/wp-content\/uploads\/2023\/05\/A1C2CAE4-5567-4D2B-87C8-B4C8DCC30FB8.jpeg\"><img loading=\"lazy\" decoding=\"async\" class=\"aligncenter size-full wp-image-20077\" src=\"http:\/\/www.muricionline.com.br\/novo\/wp-content\/uploads\/2023\/05\/A1C2CAE4-5567-4D2B-87C8-B4C8DCC30FB8.jpeg\" alt=\"\" width=\"1599\" height=\"1200\" srcset=\"http:\/\/www.muricionline.com.br\/novo\/wp-content\/uploads\/2023\/05\/A1C2CAE4-5567-4D2B-87C8-B4C8DCC30FB8.jpeg 1599w, http:\/\/www.muricionline.com.br\/novo\/wp-content\/uploads\/2023\/05\/A1C2CAE4-5567-4D2B-87C8-B4C8DCC30FB8-250x188.jpeg 250w, http:\/\/www.muricionline.com.br\/novo\/wp-content\/uploads\/2023\/05\/A1C2CAE4-5567-4D2B-87C8-B4C8DCC30FB8-768x576.jpeg 768w, http:\/\/www.muricionline.com.br\/novo\/wp-content\/uploads\/2023\/05\/A1C2CAE4-5567-4D2B-87C8-B4C8DCC30FB8-400x300.jpeg 400w\" sizes=\"(max-width: 1599px) 100vw, 1599px\" \/><\/a><br \/>\nDa reda\u00e7\u00e3o com o Alagoano<\/p>\n<span style=\"clear:both;display:none;\"><img src=\"http:\/\/www.muricionline.com.br\/novo\/wp-content\/plugins\/wp-spamfree\/img\/wpsf-img.php\" width=\"0\" height=\"0\" alt=\"\" style=\"border-style:none;width:0px;height:0px;display:none;\" \/><\/span>","protected":false},"excerpt":{"rendered":"<p>Em audi\u00eancia p\u00fablica realizada na quinta-feira (27\/4), no plen\u00e1rio da C\u00e2mara de Vereadores, o secret\u00e1rio Municipal de Sa\u00fade de Murici, Ewerton Matias, prestou contas dos gastos e a\u00e7\u00f5es desenvolvidas pela pasta no ano de 2022. &#8220;Nesse relat\u00f3rio cont\u00e9m toda a receita recebida pela Secretaria Municipal de Sa\u00fade de Murici. As despesas, onde n\u00f3s aplicamos a\u00ed&#8230;<\/p>\n","protected":false},"author":1,"featured_media":20078,"comment_status":"open","ping_status":"open","sticky":false,"template":"","format":"standard","meta":{"footnotes":""},"categories":[7,1],"tags":[],"_links":{"self":[{"href":"http:\/\/www.muricionline.com.br\/novo\/index.php?rest_route=\/wp\/v2\/posts\/20075"}],"collection":[{"href":"http:\/\/www.muricionline.com.br\/novo\/index.php?rest_route=\/wp\/v2\/posts"}],"about":[{"href":"http:\/\/www.muricionline.com.br\/novo\/index.php?rest_route=\/wp\/v2\/types\/post"}],"author":[{"embeddable":true,"href":"http:\/\/www.muricionline.com.br\/novo\/index.php?rest_route=\/wp\/v2\/users\/1"}],"replies":[{"embeddable":true,"href":"http:\/\/www.muricionline.com.br\/novo\/index.php?rest_route=%2Fwp%2Fv2%2Fcomments&post=20075"}],"version-history":[{"count":1,"href":"http:\/\/www.muricionline.com.br\/novo\/index.php?rest_route=\/wp\/v2\/posts\/20075\/revisions"}],"predecessor-version":[{"id":20079,"href":"http:\/\/www.muricionline.com.br\/novo\/index.php?rest_route=\/wp\/v2\/posts\/20075\/revisions\/20079"}],"wp:featuredmedia":[{"embeddable":true,"href":"http:\/\/www.muricionline.com.br\/novo\/index.php?rest_route=\/wp\/v2\/media\/20078"}],"wp:attachment":[{"href":"http:\/\/www.muricionline.com.br\/novo\/index.php?rest_route=%2Fwp%2Fv2%2Fmedia&parent=20075"}],"wp:term":[{"taxonomy":"category","embeddable":true,"href":"http:\/\/www.muricionline.com.br\/novo\/index.php?rest_route=%2Fwp%2Fv2%2Fcategories&post=20075"},{"taxonomy":"post_tag","embeddable":true,"href":"http:\/\/www.muricionline.com.br\/novo\/index.php?rest_route=%2Fwp%2Fv2%2Ftags&post=20075"}],"curies":[{"name":"wp","href":"https:\/\/api.w.org\/{rel}","templated":true}]}}