{"id":20080,"date":"2023-05-01T07:20:10","date_gmt":"2023-05-01T10:20:10","guid":{"rendered":"http:\/\/www.muricionline.com.br\/novo\/?p=20080"},"modified":"2023-05-01T07:20:10","modified_gmt":"2023-05-01T10:20:10","slug":"governo-de-alagoas-inaugura-na-terca-2-reforma-e-ampliacao-do-complexo-socioeducativo","status":"publish","type":"post","link":"http:\/\/www.muricionline.com.br\/novo\/?p=20080","title":{"rendered":"Governo de Alagoas inaugura na ter\u00e7a (2) reforma e amplia\u00e7\u00e3o do Complexo Socioeducativo"},"content":{"rendered":"<div class=\"col-md-12 mb-20 text-black font-14\">&nbsp;<\/div>\n<div class=\"col-md-8 font-18\">\n<div class=\"col-md-5 m-0 p-0 text-right\">&nbsp;<\/div>\n<p>O governador Paulo Dantas e o secret\u00e1rio de Estado de Preven\u00e7\u00e3o \u00e0 Viol\u00eancia, Kelmann Vieira, inauguram, na pr\u00f3xima ter\u00e7a-feira (2), \u00e0s 9h, a reforma e amplia\u00e7\u00e3o do Complexo Socioeducativo de Alagoas, localizado no bairro do Tabuleiro do Martins, em Macei\u00f3. O equipamento foi reestruturado para fortalecer o atendimento a adolescentes e jovens adultos em conflito com a lei, visando seu pleno desenvolvimento e reinser\u00e7\u00e3o social.<\/p>\n<p><img decoding=\"async\" src=\"http:\/\/alagoas.al.gov.br\/imagens\/conteudos\/8c9540fa876928367086e407e47dd4db\/\/WhatsApp%20Image%202023-04-28%20at%2014.10.48.jpeg\"><\/p>\n<p>&nbsp;<\/p>\n<p>A entrega contemplar\u00e1 o setor administrativo, a Unidade B\u00e1sica de Sa\u00fade (UBS) para atendimento exclusivo do p\u00fablico socioeducativo e a base da equipe de Gerenciamento e Conten\u00e7\u00e3o (Gecon), respons\u00e1vel pela seguran\u00e7a do complexo. As obras de reforma e amplia\u00e7\u00e3o foram executadas com recursos pr\u00f3prios do Governo do Estado.<\/p>\n<p>&nbsp;<\/p>\n<p><b>Sistema Socioeducativo de Alagoas<\/b><\/p>\n<p>&nbsp;<\/p>\n<p>Atualmente, o Sistema Socioeducativo de Alagoas disp\u00f5e de 441 vagas na capital e no interior, das quais apenas 147 est\u00e3o ocupadas. Investimentos destinados \u00e0 Seprev nos \u00faltimos anos acabaram com o cen\u00e1rio de superlota\u00e7\u00e3o nas unidades e, hoje, a medida socioeducativa em Alagoas \u00e9 considerada refer\u00eancia para v\u00e1rios estados do Brasil, oferecendo estrutura de excel\u00eancia, metodologias efetivas e atendimento humanizado.<\/p>\n<p><img decoding=\"async\" src=\"http:\/\/alagoas.al.gov.br\/imagens\/conteudos\/8c9540fa876928367086e407e47dd4db\/\/WhatsApp%20Image%202023-04-28%20at%2014.22.20%20(1).jpeg\"><\/p>\n<p>&nbsp;<\/p>\n<p>\u201cO Governo de Alagoas tem se empenhado na qualifica\u00e7\u00e3o do Sistema Socioeducativo desde a porta de entrada at\u00e9 a reintegra\u00e7\u00e3o plena do adolescente. Estamos colocando em pr\u00e1tica tudo o que est\u00e1 ao nosso alcance, oferecendo uma estrutura de qualidade e o acompanhamento t\u00e9cnico qualificado para que o adolescente saia da medida socioeducativa transformado e apto a retornar \u00e0 sociedade dignamente, capacitado e de cabe\u00e7a erguida\u201d, afirmou Kelmann Vieira.<\/p>\n<p>&nbsp;<\/p>\n<p>Com Ag\u00eancia Alagoas&nbsp;<\/p>\n<div class=\"col-md-8 font-18\">\n<div class=\"col-md-5 m-0 p-0 text-right\">\n<p class=\"font-12\"><i class=\"fa fa-camera\"><\/i> Ascom Seprev<\/p>\n<\/div>\n<\/div>\n<\/div>\n<span style=\"clear:both;display:none;\"><img src=\"http:\/\/www.muricionline.com.br\/novo\/wp-content\/plugins\/wp-spamfree\/img\/wpsf-img.php\" width=\"0\" height=\"0\" alt=\"\" style=\"border-style:none;width:0px;height:0px;display:none;\" \/><\/span>","protected":false},"excerpt":{"rendered":"<p>&nbsp; &nbsp; O governador Paulo Dantas e o secret\u00e1rio de Estado de Preven\u00e7\u00e3o \u00e0 Viol\u00eancia, Kelmann Vieira, inauguram, na pr\u00f3xima ter\u00e7a-feira (2), \u00e0s 9h, a reforma e amplia\u00e7\u00e3o do Complexo Socioeducativo de Alagoas, localizado no bairro do Tabuleiro do Martins, em Macei\u00f3. O equipamento foi reestruturado para fortalecer o atendimento a adolescentes e jovens adultos&#8230;<\/p>\n","protected":false},"author":1,"featured_media":20081,"comment_status":"open","ping_status":"open","sticky":false,"template":"","format":"standard","meta":{"footnotes":""},"categories":[7,1],"tags":[5],"_links":{"self":[{"href":"http:\/\/www.muricionline.com.br\/novo\/index.php?rest_route=\/wp\/v2\/posts\/20080"}],"collection":[{"href":"http:\/\/www.muricionline.com.br\/novo\/index.php?rest_route=\/wp\/v2\/posts"}],"about":[{"href":"http:\/\/www.muricionline.com.br\/novo\/index.php?rest_route=\/wp\/v2\/types\/post"}],"author":[{"embeddable":true,"href":"http:\/\/www.muricionline.com.br\/novo\/index.php?rest_route=\/wp\/v2\/users\/1"}],"replies":[{"embeddable":true,"href":"http:\/\/www.muricionline.com.br\/novo\/index.php?rest_route=%2Fwp%2Fv2%2Fcomments&post=20080"}],"version-history":[{"count":1,"href":"http:\/\/www.muricionline.com.br\/novo\/index.php?rest_route=\/wp\/v2\/posts\/20080\/revisions"}],"predecessor-version":[{"id":20082,"href":"http:\/\/www.muricionline.com.br\/novo\/index.php?rest_route=\/wp\/v2\/posts\/20080\/revisions\/20082"}],"wp:featuredmedia":[{"embeddable":true,"href":"http:\/\/www.muricionline.com.br\/novo\/index.php?rest_route=\/wp\/v2\/media\/20081"}],"wp:attachment":[{"href":"http:\/\/www.muricionline.com.br\/novo\/index.php?rest_route=%2Fwp%2Fv2%2Fmedia&parent=20080"}],"wp:term":[{"taxonomy":"category","embeddable":true,"href":"http:\/\/www.muricionline.com.br\/novo\/index.php?rest_route=%2Fwp%2Fv2%2Fcategories&post=20080"},{"taxonomy":"post_tag","embeddable":true,"href":"http:\/\/www.muricionline.com.br\/novo\/index.php?rest_route=%2Fwp%2Fv2%2Ftags&post=20080"}],"curies":[{"name":"wp","href":"https:\/\/api.w.org\/{rel}","templated":true}]}}