{"id":20154,"date":"2023-05-12T07:57:09","date_gmt":"2023-05-12T10:57:09","guid":{"rendered":"http:\/\/www.muricionline.com.br\/novo\/?p=20154"},"modified":"2023-05-12T07:57:33","modified_gmt":"2023-05-12T10:57:33","slug":"xand-aviao-sera-a-atracao-principal-no-aniversario-de-131-de-murici","status":"publish","type":"post","link":"http:\/\/www.muricionline.com.br\/novo\/?p=20154","title":{"rendered":"Xand Avi\u00e3o ser\u00e1 a atra\u00e7\u00e3o principal no anivers\u00e1rio de 131 de Murici"},"content":{"rendered":"<p>Os f\u00e3s do cantor Xand Avi\u00e3o ter\u00e3o um momento de muita alegria no pr\u00f3ximo dia 16 de maio, data em que se comemora o anivers\u00e1rio de 131 anos de emancipa\u00e7\u00e3o pol\u00edtica do munic\u00edpio de Murici. O cantor ser\u00e1 a atra\u00e7\u00e3o principal das festividades alusivas \u00e0 data.<\/p>\n<p>Na programa\u00e7\u00e3o divulgada pelo prefeito Olavo Neto, al\u00e9m do Comandante, tamb\u00e9m se apresentar\u00e3o a cantora Walkyria Santos, ex-Magn\u00edficos, e os cantores Lucas Aboiador e Nadson Ferinha.<\/p>\n<p>As apresenta\u00e7\u00f5es dos artistas ter\u00e1 in\u00edcio a partir das 20h, na Pra\u00e7a Padre C\u00edcero, no centro da cidade.<\/p>\n<p>&nbsp;<\/p>\n<p>Com Assessoria&nbsp;<\/p>\n<p><a href=\"http:\/\/www.muricionline.com.br\/novo\/wp-content\/uploads\/2023\/05\/4abe84d4-cf9f-4788-9a81-3194412f4fad.jpeg\"><img loading=\"lazy\" decoding=\"async\" class=\"aligncenter size-full wp-image-20156\" src=\"http:\/\/www.muricionline.com.br\/novo\/wp-content\/uploads\/2023\/05\/4abe84d4-cf9f-4788-9a81-3194412f4fad.jpeg\" alt=\"\" width=\"1284\" height=\"1481\" srcset=\"http:\/\/www.muricionline.com.br\/novo\/wp-content\/uploads\/2023\/05\/4abe84d4-cf9f-4788-9a81-3194412f4fad.jpeg 1284w, http:\/\/www.muricionline.com.br\/novo\/wp-content\/uploads\/2023\/05\/4abe84d4-cf9f-4788-9a81-3194412f4fad-217x250.jpeg 217w, http:\/\/www.muricionline.com.br\/novo\/wp-content\/uploads\/2023\/05\/4abe84d4-cf9f-4788-9a81-3194412f4fad-768x886.jpeg 768w, http:\/\/www.muricionline.com.br\/novo\/wp-content\/uploads\/2023\/05\/4abe84d4-cf9f-4788-9a81-3194412f4fad-347x400.jpeg 347w\" sizes=\"(max-width: 1284px) 100vw, 1284px\" \/><\/a><\/p>\n<span style=\"clear:both;display:none;\"><img src=\"http:\/\/www.muricionline.com.br\/novo\/wp-content\/plugins\/wp-spamfree\/img\/wpsf-img.php\" width=\"0\" height=\"0\" alt=\"\" style=\"border-style:none;width:0px;height:0px;display:none;\" \/><\/span>","protected":false},"excerpt":{"rendered":"<p>Os f\u00e3s do cantor Xand Avi\u00e3o ter\u00e3o um momento de muita alegria no pr\u00f3ximo dia 16 de maio, data em que se comemora o anivers\u00e1rio de 131 anos de emancipa\u00e7\u00e3o pol\u00edtica do munic\u00edpio de Murici. O cantor ser\u00e1 a atra\u00e7\u00e3o principal das festividades alusivas \u00e0 data. Na programa\u00e7\u00e3o divulgada pelo prefeito Olavo Neto, al\u00e9m do&#8230;<\/p>\n","protected":false},"author":1,"featured_media":20156,"comment_status":"open","ping_status":"open","sticky":false,"template":"","format":"standard","meta":{"footnotes":""},"categories":[7,1],"tags":[5],"_links":{"self":[{"href":"http:\/\/www.muricionline.com.br\/novo\/index.php?rest_route=\/wp\/v2\/posts\/20154"}],"collection":[{"href":"http:\/\/www.muricionline.com.br\/novo\/index.php?rest_route=\/wp\/v2\/posts"}],"about":[{"href":"http:\/\/www.muricionline.com.br\/novo\/index.php?rest_route=\/wp\/v2\/types\/post"}],"author":[{"embeddable":true,"href":"http:\/\/www.muricionline.com.br\/novo\/index.php?rest_route=\/wp\/v2\/users\/1"}],"replies":[{"embeddable":true,"href":"http:\/\/www.muricionline.com.br\/novo\/index.php?rest_route=%2Fwp%2Fv2%2Fcomments&post=20154"}],"version-history":[{"count":2,"href":"http:\/\/www.muricionline.com.br\/novo\/index.php?rest_route=\/wp\/v2\/posts\/20154\/revisions"}],"predecessor-version":[{"id":20158,"href":"http:\/\/www.muricionline.com.br\/novo\/index.php?rest_route=\/wp\/v2\/posts\/20154\/revisions\/20158"}],"wp:featuredmedia":[{"embeddable":true,"href":"http:\/\/www.muricionline.com.br\/novo\/index.php?rest_route=\/wp\/v2\/media\/20156"}],"wp:attachment":[{"href":"http:\/\/www.muricionline.com.br\/novo\/index.php?rest_route=%2Fwp%2Fv2%2Fmedia&parent=20154"}],"wp:term":[{"taxonomy":"category","embeddable":true,"href":"http:\/\/www.muricionline.com.br\/novo\/index.php?rest_route=%2Fwp%2Fv2%2Fcategories&post=20154"},{"taxonomy":"post_tag","embeddable":true,"href":"http:\/\/www.muricionline.com.br\/novo\/index.php?rest_route=%2Fwp%2Fv2%2Ftags&post=20154"}],"curies":[{"name":"wp","href":"https:\/\/api.w.org\/{rel}","templated":true}]}}