{"id":20159,"date":"2023-05-12T07:59:03","date_gmt":"2023-05-12T10:59:03","guid":{"rendered":"http:\/\/www.muricionline.com.br\/novo\/?p=20159"},"modified":"2023-05-12T07:59:03","modified_gmt":"2023-05-12T10:59:03","slug":"sao-jose-da-laje-compromisso-com-a-educacao-garante-125mil-refeicoes-mensais-na-merenda-escolar-da-rede-municipal-de-ensino","status":"publish","type":"post","link":"http:\/\/www.muricionline.com.br\/novo\/?p=20159","title":{"rendered":"S\u00e3o Jos\u00e9 da Laje: compromisso com a Educa\u00e7\u00e3o garante 125mil refei\u00e7\u00f5es mensais na merenda escolar da Rede Municipal de Ensino"},"content":{"rendered":"<p>Em S\u00e3o Jos\u00e9 da Laje, a administra\u00e7\u00e3o da Prefeita Angela Vanessa tem se comprometido em fornecer uma merenda de qualidade para estudantes do munic\u00edpio. Para garantir esse prato cheio para todos os alunos da Rede Municipal de Ensino, a gest\u00e3o n\u00e3o tem medido esfor\u00e7os para manter os investimentos na alimenta\u00e7\u00e3o escolar.<\/p>\n<p>Ao todo, s\u00e3o mais de 4.200 estudantes matriculados nas creches e escolas municipais, sendo ofertadas, mensalmente, mais de 125 mil refei\u00e7\u00f5es. Desse total, 13 mil s\u00e3o servidas para os mais de 500 alunos em tempo integral nas creches, um n\u00famero expressivo, fruto de uma gest\u00e3o com equil\u00edbrio fiscal e comprometida com a Educa\u00e7\u00e3o.<\/p>\n<p>Al\u00e9m disso, diariamente, s\u00e3o ofertadas 05 refei\u00e7\u00f5es para todos os pequenos alunos das creches. E a prepara\u00e7\u00e3o de cada alimento \u00e9 acompanhada por uma equipe t\u00e9cnica composta por nutricionistas, que cuidam da merenda de todas as unidades municipais de Ensino, seguindo o manual de operacionaliza\u00e7\u00e3o do Programa de Alimenta\u00e7\u00e3o Escolar, tamb\u00e9m institu\u00eddo no munic\u00edpio.<\/p>\n<p>Nas escolas de ensino fundamental, a situa\u00e7\u00e3o n\u00e3o \u00e9 diferente. Al\u00e9m de professores capacitados, as unidades s\u00e3o bem estruturadas e a alimenta\u00e7\u00e3o \u00e9 garantida todos os dias para os 3.694 alunos do ensino fundamental.<\/p>\n<p>Manter esse padr\u00e3o exige dedica\u00e7\u00e3o e organiza\u00e7\u00e3o, desde o planejamento at\u00e9 o armazenamento apropriado e a capacita\u00e7\u00e3o das merendeiras, proporcionando assim uma alimenta\u00e7\u00e3o adequada, que garanta o bem-estar dos alunos, facilitando seu aprendizado. Al\u00e9m disso, todo esse trabalho conta com o apoio fiscalizador do Conselho Municipal de Alimenta\u00e7\u00e3o Escolar (CAE).<\/p>\n<p>Nas palavras da Prefeita: \u201cgarantir uma alimenta\u00e7\u00e3o de qualidade \u00e0s nossas crian\u00e7as e aos nossos jovens somente refor\u00e7a o compromisso de nossa gest\u00e3o com a Educa\u00e7\u00e3o P\u00fablica, imbu\u00eddo em uma pr\u00e1tica cidad\u00e3.\u201d<\/p>\n<p>Por Secom &#8211; S\u00e3o Jos\u00e9 da Laje-AL<\/p>\n<span style=\"clear:both;display:none;\"><img src=\"http:\/\/www.muricionline.com.br\/novo\/wp-content\/plugins\/wp-spamfree\/img\/wpsf-img.php\" width=\"0\" height=\"0\" alt=\"\" style=\"border-style:none;width:0px;height:0px;display:none;\" \/><\/span>","protected":false},"excerpt":{"rendered":"<p>Em S\u00e3o Jos\u00e9 da Laje, a administra\u00e7\u00e3o da Prefeita Angela Vanessa tem se comprometido em fornecer uma merenda de qualidade para estudantes do munic\u00edpio. Para garantir esse prato cheio para todos os alunos da Rede Municipal de Ensino, a gest\u00e3o n\u00e3o tem medido esfor\u00e7os para manter os investimentos na alimenta\u00e7\u00e3o escolar. Ao todo, s\u00e3o mais&#8230;<\/p>\n","protected":false},"author":1,"featured_media":20155,"comment_status":"open","ping_status":"open","sticky":false,"template":"","format":"standard","meta":{"footnotes":""},"categories":[1],"tags":[5],"_links":{"self":[{"href":"http:\/\/www.muricionline.com.br\/novo\/index.php?rest_route=\/wp\/v2\/posts\/20159"}],"collection":[{"href":"http:\/\/www.muricionline.com.br\/novo\/index.php?rest_route=\/wp\/v2\/posts"}],"about":[{"href":"http:\/\/www.muricionline.com.br\/novo\/index.php?rest_route=\/wp\/v2\/types\/post"}],"author":[{"embeddable":true,"href":"http:\/\/www.muricionline.com.br\/novo\/index.php?rest_route=\/wp\/v2\/users\/1"}],"replies":[{"embeddable":true,"href":"http:\/\/www.muricionline.com.br\/novo\/index.php?rest_route=%2Fwp%2Fv2%2Fcomments&post=20159"}],"version-history":[{"count":1,"href":"http:\/\/www.muricionline.com.br\/novo\/index.php?rest_route=\/wp\/v2\/posts\/20159\/revisions"}],"predecessor-version":[{"id":20160,"href":"http:\/\/www.muricionline.com.br\/novo\/index.php?rest_route=\/wp\/v2\/posts\/20159\/revisions\/20160"}],"wp:featuredmedia":[{"embeddable":true,"href":"http:\/\/www.muricionline.com.br\/novo\/index.php?rest_route=\/wp\/v2\/media\/20155"}],"wp:attachment":[{"href":"http:\/\/www.muricionline.com.br\/novo\/index.php?rest_route=%2Fwp%2Fv2%2Fmedia&parent=20159"}],"wp:term":[{"taxonomy":"category","embeddable":true,"href":"http:\/\/www.muricionline.com.br\/novo\/index.php?rest_route=%2Fwp%2Fv2%2Fcategories&post=20159"},{"taxonomy":"post_tag","embeddable":true,"href":"http:\/\/www.muricionline.com.br\/novo\/index.php?rest_route=%2Fwp%2Fv2%2Ftags&post=20159"}],"curies":[{"name":"wp","href":"https:\/\/api.w.org\/{rel}","templated":true}]}}