{"id":20328,"date":"2023-05-28T19:36:43","date_gmt":"2023-05-28T22:36:43","guid":{"rendered":"http:\/\/www.muricionline.com.br\/novo\/?p=20328"},"modified":"2023-05-28T19:36:43","modified_gmt":"2023-05-28T22:36:43","slug":"governador-entrega-em-rio-largo-38-creche-cria-do-estado","status":"publish","type":"post","link":"http:\/\/www.muricionline.com.br\/novo\/?p=20328","title":{"rendered":"Governador entrega em Rio Largo 38\u00b0 Creche Cria do estado"},"content":{"rendered":"<p>Mais uma Creche Cria foi entregue, neste domingo (28), pelo governador Paulo Dantas. A unidade fica no Conjunto Jarbas Oiticica, uma das \u00e1reas mais populosas do munic\u00edpio de Rio Largo, regi\u00e3o metropolitana de Macei\u00f3.<\/p>\n<p>&nbsp;<\/p>\n<p>A creche atender\u00e1 200 crian\u00e7as entre 0 e 3 anos, em dois turnos. &#8220;Estamos muito felizes de estar aqui no domingo, trabalhando, entregando mais um equipamento fundamental para o fortalecimento da primeira inf\u00e2ncia. Vamos entregar at\u00e9 o final da nossa gest\u00e3o 200 Creches Cria, e 10 delas ser\u00e3o na regi\u00e3o Metropolitana de Maceio&#8221;, ressaltou o governador. &#8220;Vamos fechar a torneira do analfabetismo em Alagoas, e para isso precisamos estar integrados e conectados com os 102 munic\u00edpios, assim como acontece em Rio Largo&#8221;.<\/p>\n<p><img decoding=\"async\" src=\"http:\/\/alagoas.al.gov.br\/imagens\/conteudos\/d90947a95d890c139e81beb4aa9a4b81\/\/22.jpg\"><\/p>\n<p>&nbsp;<\/p>\n<p>A creche Cria instalada no Conjunto Jarbas Oiticica \u00e9 a 38\u00aa inaugurada pelo governo de Alagoas, a 34\u00aa na gest\u00e3o de Paulo Dantas, e vai proporcionar um maior desenvolvimento motor e cognitivo \u00e0s crian\u00e7as na primeira inf\u00e2ncia, al\u00e9m de seguran\u00e7a \u00e0s m\u00e3es, que poder\u00e3o desenvolver suas atividades em casa ou no trabalho de forma mais tranquila.<\/p>\n<p>&#8220;Aqui as crian\u00e7as ter\u00e3o em tempo integral, cinco refei\u00e7\u00f5es por dia e, ao final do dia, os pais ao buscar suas crian\u00e7as, v\u00e3o ter certeza que s\u00e3o equipamentos como esse que v\u00e3o garantir o futuro de seus filhos&#8221;, afirmou o governador. Para a constru\u00e7\u00e3o da greve foram investidos recursos do tesouro estadual no valor de R$ 4, 5 milh\u00f5es.<\/p>\n<p><img decoding=\"async\" src=\"http:\/\/alagoas.al.gov.br\/imagens\/conteudos\/d90947a95d890c139e81beb4aa9a4b81\/\/12.jpg\"><\/p>\n<p>O prefeito de Rio Largo, Gilberto Gon\u00e7alves, ressaltou que era uma honra receber o governador Paulo Dantas para a entrega de um equipamento de extrema import\u00e2ncia para o munic\u00edpio, e afirmou que a creche vai beneficiar, principalmente as mulheres mais humildes, que trabalham e n\u00e3o t\u00eam onde deixar seis filhos. &#8220;Esse \u00e9 um instrumento que traz melhoria da qualidade de vida das crian\u00e7as e transforma a vida das pessoas, que come\u00e7a com a escola infantil&#8221;, afirmou Gilberto Gon\u00e7alves.<\/p>\n<p>&nbsp;<\/p>\n<p>A Creche Cria de Rio Largo foi fruto de um conv\u00eanio entre o munic\u00edpio, que doou o terreno, e o Estado, respons\u00e1vel pela constru\u00e7\u00e3o do equipamento. A secret\u00e1ria de Estado da 1\u00aa Inf\u00e2ncia, Paula Dantas,&nbsp; lembrou que a assist\u00eancia \u00e0s crian\u00e7as, em especial da primeira inf\u00e2ncia, \u00e9 a prioridade n\u00famero 1 do governador. Paula salientou que, al\u00e9m do atendimento \u00e0s crian\u00e7as, as Creches Cria empoderam as mulheres, que podem trabalhar com tranquilidade sabendo que seus filhos est\u00e3o seguros e bem cuidados. A Creche Cria integra o Programa Cria, que inclui o Cart\u00e3o Cria e funciona em tr\u00eas eixos: educa\u00e7\u00e3o, assist\u00eancia e sa\u00fade.<\/p>\n<p><img decoding=\"async\" src=\"http:\/\/alagoas.al.gov.br\/imagens\/conteudos\/d90947a95d890c139e81beb4aa9a4b81\/\/14.jpg\"><\/p>\n<p>&nbsp;<\/p>\n<p>O secret\u00e1rio de Estado da Educa\u00e7\u00e3o, Marcius Beltr\u00e3o, acentuou que existe uma demanda reprimida em Rio Largo de vagas em creches, o que refor\u00e7a a import\u00e2ncia da entrega de mais uma Creche Cria. &#8220;Rio Largo \u00e9 o terceiro maior munic\u00edpio do Estado, e s\u00f3 aqui no conjunto Jarbas Oiticica temos uma popula\u00e7\u00e3o de 17 mil pessoas, com muitas crian\u00e7as em idade escolar&#8221;, observou Marcius. Ele anunciou que o governo estadual vai contemplar outras obras em Rio Largo na \u00e1rea de educa\u00e7\u00e3o.<\/p>\n<p>A dona de casa Wiliane da Silva Gomes conseguiu&nbsp; garantir a matr\u00edcula da filha A\u00edla, que comemorava no domingo tr\u00eas anos de vida. Segundo Wiliane, na regi\u00e3o onde fica creche h\u00e1 apenas uma escola municipal, mas a oferta de vagas n\u00e3o \u00e9 suficiente para atender a demanda. &#8220;Tentei uma vaga l\u00e1 e n\u00e3o consegui. Agora estou na expectativa de quando as aulas ir\u00e3o come\u00e7ar&#8221;, disse a dona de casa, que tamb\u00e9m \u00e9 benefici\u00e1ria do Cart\u00e3o Cria. A creche vai ser gerida pelo munic\u00edpio e dever\u00e1 funcionar a partir de agosto, quando come\u00e7a o per\u00edodo escolar.<\/p>\n<p><img decoding=\"async\" src=\"http:\/\/alagoas.al.gov.br\/imagens\/conteudos\/d90947a95d890c139e81beb4aa9a4b81\/\/21.jpg\"><\/p>\n<p>&nbsp;<\/p>\n<p>V\u00e1rias lideran\u00e7as politicas prestigiaram a inaugura\u00e7\u00e3o da Creche Cria de Rio Largo: o senador Renan Calheiros; o suplente de senador, Rafael Ten\u00f3rio; os deputados estaduais Lelo Maia e Gabi Gon\u00e7alves; o ex-prefeito de Rio Largo, Toninho Lins e secret\u00e1rios de Estado.<\/p>\n<p>&nbsp;<\/p>\n<p>Com Ag\u00eancia Alagoas&nbsp;<\/p>\n<p><img decoding=\"async\" src=\"http:\/\/alagoas.al.gov.br\/imagens\/conteudos\/d90947a95d890c139e81beb4aa9a4b81\/\/13.jpg\"><\/p>\n<span style=\"clear:both;display:none;\"><img src=\"http:\/\/www.muricionline.com.br\/novo\/wp-content\/plugins\/wp-spamfree\/img\/wpsf-img.php\" width=\"0\" height=\"0\" alt=\"\" style=\"border-style:none;width:0px;height:0px;display:none;\" \/><\/span>","protected":false},"excerpt":{"rendered":"<p>Mais uma Creche Cria foi entregue, neste domingo (28), pelo governador Paulo Dantas. A unidade fica no Conjunto Jarbas Oiticica, uma das \u00e1reas mais populosas do munic\u00edpio de Rio Largo, regi\u00e3o metropolitana de Macei\u00f3. &nbsp; A creche atender\u00e1 200 crian\u00e7as entre 0 e 3 anos, em dois turnos. &#8220;Estamos muito felizes de estar aqui no&#8230;<\/p>\n","protected":false},"author":1,"featured_media":20329,"comment_status":"open","ping_status":"open","sticky":false,"template":"","format":"standard","meta":{"footnotes":""},"categories":[1],"tags":[5],"_links":{"self":[{"href":"http:\/\/www.muricionline.com.br\/novo\/index.php?rest_route=\/wp\/v2\/posts\/20328"}],"collection":[{"href":"http:\/\/www.muricionline.com.br\/novo\/index.php?rest_route=\/wp\/v2\/posts"}],"about":[{"href":"http:\/\/www.muricionline.com.br\/novo\/index.php?rest_route=\/wp\/v2\/types\/post"}],"author":[{"embeddable":true,"href":"http:\/\/www.muricionline.com.br\/novo\/index.php?rest_route=\/wp\/v2\/users\/1"}],"replies":[{"embeddable":true,"href":"http:\/\/www.muricionline.com.br\/novo\/index.php?rest_route=%2Fwp%2Fv2%2Fcomments&post=20328"}],"version-history":[{"count":1,"href":"http:\/\/www.muricionline.com.br\/novo\/index.php?rest_route=\/wp\/v2\/posts\/20328\/revisions"}],"predecessor-version":[{"id":20330,"href":"http:\/\/www.muricionline.com.br\/novo\/index.php?rest_route=\/wp\/v2\/posts\/20328\/revisions\/20330"}],"wp:featuredmedia":[{"embeddable":true,"href":"http:\/\/www.muricionline.com.br\/novo\/index.php?rest_route=\/wp\/v2\/media\/20329"}],"wp:attachment":[{"href":"http:\/\/www.muricionline.com.br\/novo\/index.php?rest_route=%2Fwp%2Fv2%2Fmedia&parent=20328"}],"wp:term":[{"taxonomy":"category","embeddable":true,"href":"http:\/\/www.muricionline.com.br\/novo\/index.php?rest_route=%2Fwp%2Fv2%2Fcategories&post=20328"},{"taxonomy":"post_tag","embeddable":true,"href":"http:\/\/www.muricionline.com.br\/novo\/index.php?rest_route=%2Fwp%2Fv2%2Ftags&post=20328"}],"curies":[{"name":"wp","href":"https:\/\/api.w.org\/{rel}","templated":true}]}}