{"id":20350,"date":"2023-05-30T09:29:46","date_gmt":"2023-05-30T12:29:46","guid":{"rendered":"http:\/\/www.muricionline.com.br\/novo\/?p=20350"},"modified":"2023-06-02T19:18:01","modified_gmt":"2023-06-02T22:18:01","slug":"assistencia-social-de-santana-do-mundau-promove-caminhada-em-alusao-ao-maio-laranja","status":"publish","type":"post","link":"http:\/\/www.muricionline.com.br\/novo\/?p=20350","title":{"rendered":"Assist\u00eancia Social de Santana do Munda\u00fa promove caminhada em alus\u00e3o ao Maio Laranja"},"content":{"rendered":"<p>Em alus\u00e3o \u00e0 campanha Maio Laranja, de combate ao abuso e \u00e0 explora\u00e7\u00e3o sexual infantil, a Secretaria Municipal de Assist\u00eancia Social de Santana do Munda\u00fa promoveu, nesta segunda-feira (29), uma grande caminhada, que percorreu as principais ruas do centro da cidade. Com faixas e cartazes relacionados ao tema, crian\u00e7as e jovens do Centro de Refer\u00eancia da Assist\u00eancia Social (CRAS); alunos da rede municipal; t\u00e9cnicos dos \u00f3rg\u00e3os que integram a pasta, diretores das escolas; conselheiros tutelares e o secret\u00e1rio de Educa\u00e7\u00e3o, Andr\u00e9 Castro, participaram da a\u00e7\u00e3o.<\/p>\n<p>A secret\u00e1ria de Assist\u00eancia Social, Lidiane Pimentel, destacou a import\u00e2ncia da iniciativa que integra um conjunto de a\u00e7\u00f5es realizados em alus\u00e3o \u00e0 Campanha.<\/p>\n<p>\u201c\u00c9 mais uma a\u00e7\u00e3o que objetiva refor\u00e7ar a conscientiza\u00e7\u00e3o e orienta\u00e7\u00e3o da popula\u00e7\u00e3o sobre o problema que pode provocar consequ\u00eancias grav\u00edssimas nas v\u00edtimas de viol\u00eancia. Com a caminhada, chamamos a aten\u00e7\u00e3o da sociedade para a import\u00e2ncia de nos mantermos atentos e vigilantes, a fim de preservar e defender nossas crian\u00e7as e adolescentes de qualquer tipo de abuso\u201d, disse.<\/p>\n<span style=\"clear:both;display:none;\"><img src=\"http:\/\/www.muricionline.com.br\/novo\/wp-content\/plugins\/wp-spamfree\/img\/wpsf-img.php\" width=\"0\" height=\"0\" alt=\"\" style=\"border-style:none;width:0px;height:0px;display:none;\" \/><\/span>","protected":false},"excerpt":{"rendered":"<p>Em alus\u00e3o \u00e0 campanha Maio Laranja, de combate ao abuso e \u00e0 explora\u00e7\u00e3o sexual infantil, a Secretaria Municipal de Assist\u00eancia Social de Santana do Munda\u00fa promoveu, nesta segunda-feira (29), uma grande caminhada, que percorreu as principais ruas do centro da cidade. Com faixas e cartazes relacionados ao tema, crian\u00e7as e jovens do Centro de Refer\u00eancia&#8230;<\/p>\n","protected":false},"author":1,"featured_media":20365,"comment_status":"open","ping_status":"open","sticky":false,"template":"","format":"standard","meta":{"footnotes":""},"categories":[1],"tags":[5],"_links":{"self":[{"href":"http:\/\/www.muricionline.com.br\/novo\/index.php?rest_route=\/wp\/v2\/posts\/20350"}],"collection":[{"href":"http:\/\/www.muricionline.com.br\/novo\/index.php?rest_route=\/wp\/v2\/posts"}],"about":[{"href":"http:\/\/www.muricionline.com.br\/novo\/index.php?rest_route=\/wp\/v2\/types\/post"}],"author":[{"embeddable":true,"href":"http:\/\/www.muricionline.com.br\/novo\/index.php?rest_route=\/wp\/v2\/users\/1"}],"replies":[{"embeddable":true,"href":"http:\/\/www.muricionline.com.br\/novo\/index.php?rest_route=%2Fwp%2Fv2%2Fcomments&post=20350"}],"version-history":[{"count":1,"href":"http:\/\/www.muricionline.com.br\/novo\/index.php?rest_route=\/wp\/v2\/posts\/20350\/revisions"}],"predecessor-version":[{"id":20351,"href":"http:\/\/www.muricionline.com.br\/novo\/index.php?rest_route=\/wp\/v2\/posts\/20350\/revisions\/20351"}],"wp:featuredmedia":[{"embeddable":true,"href":"http:\/\/www.muricionline.com.br\/novo\/index.php?rest_route=\/wp\/v2\/media\/20365"}],"wp:attachment":[{"href":"http:\/\/www.muricionline.com.br\/novo\/index.php?rest_route=%2Fwp%2Fv2%2Fmedia&parent=20350"}],"wp:term":[{"taxonomy":"category","embeddable":true,"href":"http:\/\/www.muricionline.com.br\/novo\/index.php?rest_route=%2Fwp%2Fv2%2Fcategories&post=20350"},{"taxonomy":"post_tag","embeddable":true,"href":"http:\/\/www.muricionline.com.br\/novo\/index.php?rest_route=%2Fwp%2Fv2%2Ftags&post=20350"}],"curies":[{"name":"wp","href":"https:\/\/api.w.org\/{rel}","templated":true}]}}