{"id":20352,"date":"2023-05-30T12:57:07","date_gmt":"2023-05-30T15:57:07","guid":{"rendered":"http:\/\/www.muricionline.com.br\/novo\/?p=20352"},"modified":"2023-06-02T19:16:20","modified_gmt":"2023-06-02T22:16:20","slug":"programa-de-aracao-de-terras-da-prefeitura-de-santana-mantem-apoio-aos-pequenos-agricultores","status":"publish","type":"post","link":"http:\/\/www.muricionline.com.br\/novo\/?p=20352","title":{"rendered":"Programa de Ara\u00e7\u00e3o de Terras da Prefeitura de Santana mant\u00e9m apoio aos pequenos agricultores"},"content":{"rendered":"<p style=\"text-align: left;\">A ara\u00e7\u00e3o de terras \u00e9 o primeiro passo para uma boa safra e a Prefeitura de Santana do Ipanema sabe a import\u00e2ncia que a a\u00e7\u00e3o tem na vida do agricultor. E \u00e9 por isso que o Programa Municipal de Ara\u00e7\u00e3o de Terras est\u00e1 preparando as propriedades dos pequenos produtores rurais de Santana do Ipanema. 11 tratores est\u00e3o trabalhando para facilitar a vida do homem e da mulher do campo.<\/p>\n<p>A prefeita de Santana do Ipanema, Christiane Bulh\u00f5es, divulgou um v\u00eddeo com depoimentos de agricultores que falam da import\u00e2ncia do programa.<\/p>\n<p>Maria Jos\u00e9, agricultora da queimada do Rio, disse que essa ajuda da Prefeitura vai ser bom e facilitar\u00e1 o trabalho no campo.<\/p>\n<p>J\u00e1 o agricultor Edson Vieira, do S\u00edtio Salobinho, avaliou que a prefeita Christiane Bulh\u00f5es tem boa vontade para ajudar e trabalhar em benef\u00edcio dos agricultores do munic\u00edpio.<\/p>\n<p>O apoio e o incentivo a agricultura familiar ser\u00e3o permanente no Governo de Confian\u00e7a para que as fam\u00edlias aumentem suas produ\u00e7\u00f5es, gerem renda e contribuam com o desenvolvimento econ\u00f4mico do munic\u00edpio.<\/p>\n<p>&nbsp;<\/p>\n<p>V\u00cdDEO https:\/\/www.instagram.com\/p\/Cs3s-NXAg8V\/<\/p>\n<span style=\"clear:both;display:none;\"><img src=\"http:\/\/www.muricionline.com.br\/novo\/wp-content\/plugins\/wp-spamfree\/img\/wpsf-img.php\" width=\"0\" height=\"0\" alt=\"\" style=\"border-style:none;width:0px;height:0px;display:none;\" \/><\/span>","protected":false},"excerpt":{"rendered":"<p>A ara\u00e7\u00e3o de terras \u00e9 o primeiro passo para uma boa safra e a Prefeitura de Santana do Ipanema sabe a import\u00e2ncia que a a\u00e7\u00e3o tem na vida do agricultor. E \u00e9 por isso que o Programa Municipal de Ara\u00e7\u00e3o de Terras est\u00e1 preparando as propriedades dos pequenos produtores rurais de Santana do Ipanema. 11&#8230;<\/p>\n","protected":false},"author":1,"featured_media":20364,"comment_status":"open","ping_status":"open","sticky":false,"template":"","format":"standard","meta":{"footnotes":""},"categories":[1],"tags":[5],"_links":{"self":[{"href":"http:\/\/www.muricionline.com.br\/novo\/index.php?rest_route=\/wp\/v2\/posts\/20352"}],"collection":[{"href":"http:\/\/www.muricionline.com.br\/novo\/index.php?rest_route=\/wp\/v2\/posts"}],"about":[{"href":"http:\/\/www.muricionline.com.br\/novo\/index.php?rest_route=\/wp\/v2\/types\/post"}],"author":[{"embeddable":true,"href":"http:\/\/www.muricionline.com.br\/novo\/index.php?rest_route=\/wp\/v2\/users\/1"}],"replies":[{"embeddable":true,"href":"http:\/\/www.muricionline.com.br\/novo\/index.php?rest_route=%2Fwp%2Fv2%2Fcomments&post=20352"}],"version-history":[{"count":2,"href":"http:\/\/www.muricionline.com.br\/novo\/index.php?rest_route=\/wp\/v2\/posts\/20352\/revisions"}],"predecessor-version":[{"id":20354,"href":"http:\/\/www.muricionline.com.br\/novo\/index.php?rest_route=\/wp\/v2\/posts\/20352\/revisions\/20354"}],"wp:featuredmedia":[{"embeddable":true,"href":"http:\/\/www.muricionline.com.br\/novo\/index.php?rest_route=\/wp\/v2\/media\/20364"}],"wp:attachment":[{"href":"http:\/\/www.muricionline.com.br\/novo\/index.php?rest_route=%2Fwp%2Fv2%2Fmedia&parent=20352"}],"wp:term":[{"taxonomy":"category","embeddable":true,"href":"http:\/\/www.muricionline.com.br\/novo\/index.php?rest_route=%2Fwp%2Fv2%2Fcategories&post=20352"},{"taxonomy":"post_tag","embeddable":true,"href":"http:\/\/www.muricionline.com.br\/novo\/index.php?rest_route=%2Fwp%2Fv2%2Ftags&post=20352"}],"curies":[{"name":"wp","href":"https:\/\/api.w.org\/{rel}","templated":true}]}}