{"id":20355,"date":"2023-05-31T15:36:14","date_gmt":"2023-05-31T18:36:14","guid":{"rendered":"http:\/\/www.muricionline.com.br\/novo\/?p=20355"},"modified":"2023-06-02T19:21:20","modified_gmt":"2023-06-02T22:21:20","slug":"sao-jose-da-laje-adere-a-dois-selos-do-unicef","status":"publish","type":"post","link":"http:\/\/www.muricionline.com.br\/novo\/?p=20355","title":{"rendered":"S\u00e3o Jos\u00e9 da Laje adere a dois selos do Unicef"},"content":{"rendered":"<p>O Selo UNICEF \u00e9 uma iniciativa do UNICEF para estimular e reconhecer avan\u00e7os na promo\u00e7\u00e3o, realiza\u00e7\u00e3o e garantia dos direitos de crian\u00e7as e adolescentes em munic\u00edpios do Semi\u00e1rido e da Amaz\u00f4nia Legal brasileira. A metodologia inclui o monitoramento de indicadores sociais e a implementa\u00e7\u00e3o de a\u00e7\u00f5es que ajudem o munic\u00edpio a cumprir a Conven\u00e7\u00e3o sobre os Direitos da Crian\u00e7a, que no Brasil \u00e9 refletida no Estatuto da Crian\u00e7a e do Adolescente (ECA).<\/p>\n<p>Est\u00e3o envolvidas para esse processo as Secretarias da Educa\u00e7\u00e3o, Secret\u00e1ria da Sa\u00fade e Secret\u00e1ria da Assist\u00eancia Social.<\/p>\n<p>S\u00e3o Jos\u00e9 da Laje est\u00e1 entre os munic\u00edpios que atingiram duas metas: 1) a de estudantes beneficiados com atividades de desenvolvimento de compet\u00eancias-Enfrentamento da Cultura de Fracasso Escolar (R2) e a 2)meta de 30% das crian\u00e7as matriculadas beneficiadas com Pr\u00e1ticas de Qualidade de Educa\u00e7\u00e3o Infantil (RS1).<\/p>\n<p>Segundo a prefeita Angela Vanesa, existe uma grande expectativa do munic\u00edpio alcan\u00e7ar o Selo Unicef ao fim do processo.<\/p>\n<p>Por Secom &#8211; S\u00e3o Jos\u00e9 da Laje\/AL<\/p>\n<span style=\"clear:both;display:none;\"><img src=\"http:\/\/www.muricionline.com.br\/novo\/wp-content\/plugins\/wp-spamfree\/img\/wpsf-img.php\" width=\"0\" height=\"0\" alt=\"\" style=\"border-style:none;width:0px;height:0px;display:none;\" \/><\/span>","protected":false},"excerpt":{"rendered":"<p>O Selo UNICEF \u00e9 uma iniciativa do UNICEF para estimular e reconhecer avan\u00e7os na promo\u00e7\u00e3o, realiza\u00e7\u00e3o e garantia dos direitos de crian\u00e7as e adolescentes em munic\u00edpios do Semi\u00e1rido e da Amaz\u00f4nia Legal brasileira. A metodologia inclui o monitoramento de indicadores sociais e a implementa\u00e7\u00e3o de a\u00e7\u00f5es que ajudem o munic\u00edpio a cumprir a Conven\u00e7\u00e3o sobre&#8230;<\/p>\n","protected":false},"author":1,"featured_media":20366,"comment_status":"open","ping_status":"open","sticky":false,"template":"","format":"standard","meta":{"footnotes":""},"categories":[1],"tags":[5],"_links":{"self":[{"href":"http:\/\/www.muricionline.com.br\/novo\/index.php?rest_route=\/wp\/v2\/posts\/20355"}],"collection":[{"href":"http:\/\/www.muricionline.com.br\/novo\/index.php?rest_route=\/wp\/v2\/posts"}],"about":[{"href":"http:\/\/www.muricionline.com.br\/novo\/index.php?rest_route=\/wp\/v2\/types\/post"}],"author":[{"embeddable":true,"href":"http:\/\/www.muricionline.com.br\/novo\/index.php?rest_route=\/wp\/v2\/users\/1"}],"replies":[{"embeddable":true,"href":"http:\/\/www.muricionline.com.br\/novo\/index.php?rest_route=%2Fwp%2Fv2%2Fcomments&post=20355"}],"version-history":[{"count":1,"href":"http:\/\/www.muricionline.com.br\/novo\/index.php?rest_route=\/wp\/v2\/posts\/20355\/revisions"}],"predecessor-version":[{"id":20356,"href":"http:\/\/www.muricionline.com.br\/novo\/index.php?rest_route=\/wp\/v2\/posts\/20355\/revisions\/20356"}],"wp:featuredmedia":[{"embeddable":true,"href":"http:\/\/www.muricionline.com.br\/novo\/index.php?rest_route=\/wp\/v2\/media\/20366"}],"wp:attachment":[{"href":"http:\/\/www.muricionline.com.br\/novo\/index.php?rest_route=%2Fwp%2Fv2%2Fmedia&parent=20355"}],"wp:term":[{"taxonomy":"category","embeddable":true,"href":"http:\/\/www.muricionline.com.br\/novo\/index.php?rest_route=%2Fwp%2Fv2%2Fcategories&post=20355"},{"taxonomy":"post_tag","embeddable":true,"href":"http:\/\/www.muricionline.com.br\/novo\/index.php?rest_route=%2Fwp%2Fv2%2Ftags&post=20355"}],"curies":[{"name":"wp","href":"https:\/\/api.w.org\/{rel}","templated":true}]}}