{"id":20357,"date":"2023-06-01T17:56:04","date_gmt":"2023-06-01T20:56:04","guid":{"rendered":"http:\/\/www.muricionline.com.br\/novo\/?p=20357"},"modified":"2023-06-02T11:13:28","modified_gmt":"2023-06-02T14:13:28","slug":"sao-jose-da-laje-realiza-a-10a-conferencia-municipal-de-assistencia-social","status":"publish","type":"post","link":"http:\/\/www.muricionline.com.br\/novo\/?p=20357","title":{"rendered":"S\u00e3o Jos\u00e9 da Laje realiza a 10\u00aa Confer\u00eancia Municipal de Assist\u00eancia Social"},"content":{"rendered":"<p>A prefeitura de S\u00e3o Jos\u00e9 da Laje atrav\u00e9s da Secretaria Municipal de Assist\u00eancia Social e o COMAS &#8211; Conselho Municipal de Assist\u00eancia Social, realizou nesta quarta-feira (31), a 10\u00aa Confer\u00eancia Municipal de Assist\u00eancia Social, a abertura do evento contou com a presen\u00e7a da gest\u00e3o municipal, secret\u00e1rios, membros do COMAS, al\u00e9m de representantes da sociedade civil.<\/p>\n<p>A confer\u00eancia teve como tema &#8220;Reconstru\u00e7\u00e3o do SUAS: O SUAS que temos e o SUAS que queremos&#8221;. O objetivo foi debater as a\u00e7\u00f5es e apresentar propostas para as pol\u00edticas p\u00fablicas voltadas para usu\u00e1rios do Sistema \u00danico de Assist\u00eancia Social (SUAS), visando promover diretrizes para o aperfei\u00e7oamento das a\u00e7\u00f5es, com a participa\u00e7\u00e3o de todos os segmentos da sociedade.<\/p>\n<p>Durante o evento, foram trabalhados cinco eixos tem\u00e1ticos, e ap\u00f3s as discuss\u00f5es em grupo houve a sistematiza\u00e7\u00e3o das propostas elaboradas durante a confer\u00eancia, elencando as prioridades para o munic\u00edpio, al\u00e9m da plen\u00e1ria para apresenta\u00e7\u00e3o e aprova\u00e7\u00e3o das delibera\u00e7\u00f5es.<\/p>\n<p>A secret\u00e1ria de assist\u00eancia social, Carly Valen\u00e7a, destacou a import\u00e2ncia da confer\u00eancia para a Assist\u00eancia Social oferecida \u00e0 popula\u00e7\u00e3o. \u201cEventos como este s\u00e3o imprescind\u00edveis para que as equipes alinhem os cuidados e atendimentos necess\u00e1rios e oferecidos \u00e0 nossa popula\u00e7\u00e3o. Nosso papel como gest\u00e3o p\u00fablica \u00e9 garantir os direitos socioassistenciais da nossa popula\u00e7\u00e3o e potencializar a participa\u00e7\u00e3o social do SUAS que \u00e9 uma meta importante a ser atingida para garantir uma Assist\u00eancia Social ainda mais eficiente\u201d, disse a secret\u00e1ria Carly Valen\u00e7a.<\/p>\n<p>Ao final da Confer\u00eancia foram eleitos os delegados e suplentes que v\u00e3o representar o munic\u00edpio na Confer\u00eancia Estadual.<\/p>\n<p>Para a prefeita, Angela Vanessa, as confer\u00eancias s\u00e3o momentos fundamentais de avalia\u00e7\u00e3o, onde a representa\u00e7\u00e3o da sociedade civil, mesmo com sua diversidade, soma para fortalecer esta pol\u00edtica p\u00fablica e garantir o exerc\u00edcio do Controle Social. \u201cPara os munic\u00edpios, a confer\u00eancia \u00e9 fundamental para avaliar e concretizar os avan\u00e7os conquistados na pol\u00edtica de Assist\u00eancia Social, bem como para ampliar a consolida\u00e7\u00e3o da democracia no Brasil, com efetiva participa\u00e7\u00e3o e controle social no campo da Assist\u00eancia Social, enquanto pol\u00edtica estrat\u00e9gica de prote\u00e7\u00e3o social\u201d, afirmou a prefeita.<\/p>\n<p>Por Secom &#8211; S\u00e3o Jos\u00e9 da Laje\/AL<\/p>\n<span style=\"clear:both;display:none;\"><img src=\"http:\/\/www.muricionline.com.br\/novo\/wp-content\/plugins\/wp-spamfree\/img\/wpsf-img.php\" width=\"0\" height=\"0\" alt=\"\" style=\"border-style:none;width:0px;height:0px;display:none;\" \/><\/span>","protected":false},"excerpt":{"rendered":"<p>A prefeitura de S\u00e3o Jos\u00e9 da Laje atrav\u00e9s da Secretaria Municipal de Assist\u00eancia Social e o COMAS &#8211; Conselho Municipal de Assist\u00eancia Social, realizou nesta quarta-feira (31), a 10\u00aa Confer\u00eancia Municipal de Assist\u00eancia Social, a abertura do evento contou com a presen\u00e7a da gest\u00e3o municipal, secret\u00e1rios, membros do COMAS, al\u00e9m de representantes da sociedade civil&#8230;.<\/p>\n","protected":false},"author":1,"featured_media":20360,"comment_status":"open","ping_status":"open","sticky":false,"template":"","format":"standard","meta":{"footnotes":""},"categories":[1],"tags":[5],"_links":{"self":[{"href":"http:\/\/www.muricionline.com.br\/novo\/index.php?rest_route=\/wp\/v2\/posts\/20357"}],"collection":[{"href":"http:\/\/www.muricionline.com.br\/novo\/index.php?rest_route=\/wp\/v2\/posts"}],"about":[{"href":"http:\/\/www.muricionline.com.br\/novo\/index.php?rest_route=\/wp\/v2\/types\/post"}],"author":[{"embeddable":true,"href":"http:\/\/www.muricionline.com.br\/novo\/index.php?rest_route=\/wp\/v2\/users\/1"}],"replies":[{"embeddable":true,"href":"http:\/\/www.muricionline.com.br\/novo\/index.php?rest_route=%2Fwp%2Fv2%2Fcomments&post=20357"}],"version-history":[{"count":1,"href":"http:\/\/www.muricionline.com.br\/novo\/index.php?rest_route=\/wp\/v2\/posts\/20357\/revisions"}],"predecessor-version":[{"id":20358,"href":"http:\/\/www.muricionline.com.br\/novo\/index.php?rest_route=\/wp\/v2\/posts\/20357\/revisions\/20358"}],"wp:featuredmedia":[{"embeddable":true,"href":"http:\/\/www.muricionline.com.br\/novo\/index.php?rest_route=\/wp\/v2\/media\/20360"}],"wp:attachment":[{"href":"http:\/\/www.muricionline.com.br\/novo\/index.php?rest_route=%2Fwp%2Fv2%2Fmedia&parent=20357"}],"wp:term":[{"taxonomy":"category","embeddable":true,"href":"http:\/\/www.muricionline.com.br\/novo\/index.php?rest_route=%2Fwp%2Fv2%2Fcategories&post=20357"},{"taxonomy":"post_tag","embeddable":true,"href":"http:\/\/www.muricionline.com.br\/novo\/index.php?rest_route=%2Fwp%2Fv2%2Ftags&post=20357"}],"curies":[{"name":"wp","href":"https:\/\/api.w.org\/{rel}","templated":true}]}}