{"id":20430,"date":"2023-06-07T07:47:31","date_gmt":"2023-06-07T10:47:31","guid":{"rendered":"http:\/\/www.muricionline.com.br\/novo\/?p=20430"},"modified":"2023-06-07T07:47:31","modified_gmt":"2023-06-07T10:47:31","slug":"criancas-amparadas-pela-lbv-convocam-sociedade-a-cuidar-do-planeta","status":"publish","type":"post","link":"http:\/\/www.muricionline.com.br\/novo\/?p=20430","title":{"rendered":"Crian\u00e7as amparadas pela LBV convocam sociedade a cuidar do Planeta"},"content":{"rendered":"<p>A a\u00e7\u00e3o humana tem levado o planeta a uma trajet\u00f3ria de aquecimento sem precedentes<\/p>\n<p>N\u00e3o \u00e9 novidade que o clima j\u00e1 mudou, que o planeta sofre e vai sofrer mais ainda com os in\u00fameros efeitos do aquecimento global e que cen\u00e1rios devastadores para a biodiversidade podem se concretizar. A a\u00e7\u00e3o dos seres humanos tem sido respons\u00e1vel pelo aumento da temperatura do orbe em uma trajet\u00f3ria acelerada nos \u00faltimos 2 mil anos, de acordo com especialistas do Painel Intergovernamental de Mudan\u00e7as Clim\u00e1ticas (IPCC) da Organiza\u00e7\u00e3o das Na\u00e7\u00f5es Unidas (ONU).<\/p>\n<p>Al\u00e9m do desequil\u00edbrio de ecossistemas e da extin\u00e7\u00e3o de esp\u00e9cies, o aumento da temperatura tornar\u00e1 mais frequente os epis\u00f3dios clim\u00e1ticos extremos como temporais, inunda\u00e7\u00f5es, secas e ondas de frio e de calor, conforme alertam pesquisadores.<\/p>\n<p>Al\u00e9m do simbolismo<br \/>\nNa semana em que comemoramos o Dia Mundial do Meio Ambiente (5\/6), \u00e9 oportuno refletir sobre atitudes, comportamentos e o que ainda pode ser feito. \u00c9 essencial que cada um fa\u00e7a a sua parte para que as pr\u00f3ximas gera\u00e7\u00f5es consigam viver em um planeta com tantas belezas e recursos naturais como os que ainda existem hoje. Que a data de 5 de junho, n\u00e3o seja apenas simb\u00f3lica, mas de mudan\u00e7a de postura e de conscientiza\u00e7\u00e3o para os atos que afetam o mundo.<\/p>\n<p>Consci\u00eancia Socioambiental<br \/>\nNesse sentido, a Legi\u00e3o da Boa Vontade (LBV) trabalha h\u00e1 mais de sete d\u00e9cadas unindo esfor\u00e7os para ajudar a minimizar as desigualdades sociais e contribuir para a melhoria da qualidade de vida de pessoas e fam\u00edlias em situa\u00e7\u00e3o de vulnerabilidade social em todo o pa\u00eds. Com atua\u00e7\u00e3o preponderante na Assist\u00eancia Social, a Institui\u00e7\u00e3o tamb\u00e9m oferece Educa\u00e7\u00e3o B\u00e1sica e t\u00e9cnica profissionalizante e realiza a\u00e7\u00f5es emergenciais e humanit\u00e1rias. Inclusive, a LBV promove a\u00e7\u00f5es com temas ligados \u00e0 preserva\u00e7\u00e3o da Natureza, ao n\u00e3o desperd\u00edcio dos recursos naturais e estimula uma cultura de sustentabilidade com todos os seus atendidos, com o prop\u00f3sito de fomentar uma Consci\u00eancia Socioambiental.<\/p>\n<p>V\u00e1rias atividades de conscientiza\u00e7\u00e3o s\u00e3o desenvolvidas nas suas mais de 80 unidades de atendimento. Para saber mais confira no perfil @LBVBrasil no Instagram e no Facebook ou acesse o site: www.lbv.org.br.<\/p>\n<p>Com Assessoria&nbsp;<\/p>\n<div style=\"width: 640px;\" class=\"wp-video\"><!--[if lt IE 9]><script>document.createElement('video');<\/script><![endif]-->\n<video class=\"wp-video-shortcode\" id=\"video-20430-1\" width=\"640\" height=\"360\" preload=\"metadata\" controls=\"controls\"><source type=\"video\/mp4\" src=\"http:\/\/www.muricionline.com.br\/novo\/wp-content\/uploads\/2023\/06\/5556ca23-3269-44d0-861e-b7d7579425c5-1.mp4?_=1\" \/><a href=\"http:\/\/www.muricionline.com.br\/novo\/wp-content\/uploads\/2023\/06\/5556ca23-3269-44d0-861e-b7d7579425c5-1.mp4\">http:\/\/www.muricionline.com.br\/novo\/wp-content\/uploads\/2023\/06\/5556ca23-3269-44d0-861e-b7d7579425c5-1.mp4<\/a><\/video><\/div>\n<span style=\"clear:both;display:none;\"><img src=\"http:\/\/www.muricionline.com.br\/novo\/wp-content\/plugins\/wp-spamfree\/img\/wpsf-img.php\" width=\"0\" height=\"0\" alt=\"\" style=\"border-style:none;width:0px;height:0px;display:none;\" \/><\/span>","protected":false},"excerpt":{"rendered":"<p>A a\u00e7\u00e3o humana tem levado o planeta a uma trajet\u00f3ria de aquecimento sem precedentes N\u00e3o \u00e9 novidade que o clima j\u00e1 mudou, que o planeta sofre e vai sofrer mais ainda com os in\u00fameros efeitos do aquecimento global e que cen\u00e1rios devastadores para a biodiversidade podem se concretizar. A a\u00e7\u00e3o dos seres humanos tem sido&#8230;<\/p>\n","protected":false},"author":1,"featured_media":20433,"comment_status":"open","ping_status":"open","sticky":false,"template":"","format":"standard","meta":{"footnotes":""},"categories":[1],"tags":[5],"_links":{"self":[{"href":"http:\/\/www.muricionline.com.br\/novo\/index.php?rest_route=\/wp\/v2\/posts\/20430"}],"collection":[{"href":"http:\/\/www.muricionline.com.br\/novo\/index.php?rest_route=\/wp\/v2\/posts"}],"about":[{"href":"http:\/\/www.muricionline.com.br\/novo\/index.php?rest_route=\/wp\/v2\/types\/post"}],"author":[{"embeddable":true,"href":"http:\/\/www.muricionline.com.br\/novo\/index.php?rest_route=\/wp\/v2\/users\/1"}],"replies":[{"embeddable":true,"href":"http:\/\/www.muricionline.com.br\/novo\/index.php?rest_route=%2Fwp%2Fv2%2Fcomments&post=20430"}],"version-history":[{"count":2,"href":"http:\/\/www.muricionline.com.br\/novo\/index.php?rest_route=\/wp\/v2\/posts\/20430\/revisions"}],"predecessor-version":[{"id":20435,"href":"http:\/\/www.muricionline.com.br\/novo\/index.php?rest_route=\/wp\/v2\/posts\/20430\/revisions\/20435"}],"wp:featuredmedia":[{"embeddable":true,"href":"http:\/\/www.muricionline.com.br\/novo\/index.php?rest_route=\/wp\/v2\/media\/20433"}],"wp:attachment":[{"href":"http:\/\/www.muricionline.com.br\/novo\/index.php?rest_route=%2Fwp%2Fv2%2Fmedia&parent=20430"}],"wp:term":[{"taxonomy":"category","embeddable":true,"href":"http:\/\/www.muricionline.com.br\/novo\/index.php?rest_route=%2Fwp%2Fv2%2Fcategories&post=20430"},{"taxonomy":"post_tag","embeddable":true,"href":"http:\/\/www.muricionline.com.br\/novo\/index.php?rest_route=%2Fwp%2Fv2%2Ftags&post=20430"}],"curies":[{"name":"wp","href":"https:\/\/api.w.org\/{rel}","templated":true}]}}