{"id":20436,"date":"2023-06-07T09:14:05","date_gmt":"2023-06-07T12:14:05","guid":{"rendered":"http:\/\/www.muricionline.com.br\/novo\/?p=20436"},"modified":"2023-06-07T09:21:28","modified_gmt":"2023-06-07T12:21:28","slug":"e-da-nossa-gente-prefeitura-de-branquinha-anuncia-programacao-com-vila-tematica-shows-e-apresentacoes-de-quadrilhas","status":"publish","type":"post","link":"http:\/\/www.muricionline.com.br\/novo\/?p=20436","title":{"rendered":"\u00c9 da nossa gente: Prefeitura de Branquinha anuncia programa\u00e7\u00e3o com vila tem\u00e1tica, shows e apresenta\u00e7\u00f5es de quadrilhas"},"content":{"rendered":"<p>A Prefeitura de Branquinha realizar\u00e1 nos dias 15, 16, 17 e 18 de junho a 1\u00aa edi\u00e7\u00e3o do S\u00e3o Jo\u00e3o \u2018\u00c9 da nossa gente\u2019 na Pra\u00e7a Jos\u00e9 Gomes de Freitas &#8211; centro da cidade. Com vila tem\u00e1tica, divers\u00e3o para a crian\u00e7ada e gastronomia, o p\u00fablico ir\u00e1 curtir quatro noites de shows art\u00edsticos. Na sexta-feira (16), a programa\u00e7\u00e3o tamb\u00e9m conta com apresenta\u00e7\u00f5es de quadrilhas de v\u00e1rias cidades e o lan\u00e7amento do grupo do munic\u00edpio \u2018Junina Lua Branca\u2019.<\/p>\n<p>\u201cCom o foco nas nossas ra\u00edzes e nas tradi\u00e7\u00f5es nordestinas, elaboramos esse evento de forma muito especial para a nossa popula\u00e7\u00e3o e os visitantes. Nos quatro dias, teremos programa\u00e7\u00e3o para todas as idades com brinquedos para a crian\u00e7ada, uma vila tem\u00e1tica repleta de detalhes caracter\u00edsticos desse per\u00edodo, al\u00e9m das quadrilhas e dos artistas que se apresentar\u00e3o. O S\u00e3o Jo\u00e3o da Branquinha \u2018\u00e9 da nossa gente\u2019 e est\u00e3o todos convidados para curtir com muita seguran\u00e7a, tranquilidade e anima\u00e7\u00e3o\u201d, disse o prefeito Neno Freitas.<\/p>\n<p>Confira a programa\u00e7\u00e3o completa:<\/p>\n<p>Quinta (15)<br \/>\n18h Vila Tem\u00e1tica<br \/>\n22h Shows com: PIT\u00da REI DA FARRA e DOUGLAS SOARES<\/p>\n<p>Sexta (16)<br \/>\n18h Vila Tem\u00e1tica<br \/>\n19h Apresenta\u00e7\u00f5es de Quadrilhas<br \/>\n22h Shows com: Z\u00c9 NETO LE\u00c3O, M\u00c1QUINA DO TEMPO e \u00cdRIS VENTURA<\/p>\n<p>S\u00e1bado (17)<br \/>\n18h Vila Tem\u00e1tica<br \/>\n22h Shows com: ANA LOBO, RENAN CRUZ e SANDY E MARCKELYNE<\/p>\n<p>Domingo (18)<br \/>\n18h Vila Tem\u00e1tica<br \/>\n22h Shows com: XAMEGO DE MENINA, KART LOVE e FORROZ\u00c3O DA ANTIGAS<\/p>\n<span style=\"clear:both;display:none;\"><img src=\"http:\/\/www.muricionline.com.br\/novo\/wp-content\/plugins\/wp-spamfree\/img\/wpsf-img.php\" width=\"0\" height=\"0\" alt=\"\" style=\"border-style:none;width:0px;height:0px;display:none;\" \/><\/span>","protected":false},"excerpt":{"rendered":"<p>A Prefeitura de Branquinha realizar\u00e1 nos dias 15, 16, 17 e 18 de junho a 1\u00aa edi\u00e7\u00e3o do S\u00e3o Jo\u00e3o \u2018\u00c9 da nossa gente\u2019 na Pra\u00e7a Jos\u00e9 Gomes de Freitas &#8211; centro da cidade. Com vila tem\u00e1tica, divers\u00e3o para a crian\u00e7ada e gastronomia, o p\u00fablico ir\u00e1 curtir quatro noites de shows art\u00edsticos. Na sexta-feira (16),&#8230;<\/p>\n","protected":false},"author":1,"featured_media":20437,"comment_status":"open","ping_status":"open","sticky":false,"template":"","format":"standard","meta":{"footnotes":""},"categories":[7,1],"tags":[5],"_links":{"self":[{"href":"http:\/\/www.muricionline.com.br\/novo\/index.php?rest_route=\/wp\/v2\/posts\/20436"}],"collection":[{"href":"http:\/\/www.muricionline.com.br\/novo\/index.php?rest_route=\/wp\/v2\/posts"}],"about":[{"href":"http:\/\/www.muricionline.com.br\/novo\/index.php?rest_route=\/wp\/v2\/types\/post"}],"author":[{"embeddable":true,"href":"http:\/\/www.muricionline.com.br\/novo\/index.php?rest_route=\/wp\/v2\/users\/1"}],"replies":[{"embeddable":true,"href":"http:\/\/www.muricionline.com.br\/novo\/index.php?rest_route=%2Fwp%2Fv2%2Fcomments&post=20436"}],"version-history":[{"count":2,"href":"http:\/\/www.muricionline.com.br\/novo\/index.php?rest_route=\/wp\/v2\/posts\/20436\/revisions"}],"predecessor-version":[{"id":20439,"href":"http:\/\/www.muricionline.com.br\/novo\/index.php?rest_route=\/wp\/v2\/posts\/20436\/revisions\/20439"}],"wp:featuredmedia":[{"embeddable":true,"href":"http:\/\/www.muricionline.com.br\/novo\/index.php?rest_route=\/wp\/v2\/media\/20437"}],"wp:attachment":[{"href":"http:\/\/www.muricionline.com.br\/novo\/index.php?rest_route=%2Fwp%2Fv2%2Fmedia&parent=20436"}],"wp:term":[{"taxonomy":"category","embeddable":true,"href":"http:\/\/www.muricionline.com.br\/novo\/index.php?rest_route=%2Fwp%2Fv2%2Fcategories&post=20436"},{"taxonomy":"post_tag","embeddable":true,"href":"http:\/\/www.muricionline.com.br\/novo\/index.php?rest_route=%2Fwp%2Fv2%2Ftags&post=20436"}],"curies":[{"name":"wp","href":"https:\/\/api.w.org\/{rel}","templated":true}]}}