{"id":20440,"date":"2023-06-07T13:53:05","date_gmt":"2023-06-07T16:53:05","guid":{"rendered":"http:\/\/www.muricionline.com.br\/novo\/?p=20440"},"modified":"2023-06-07T13:53:05","modified_gmt":"2023-06-07T16:53:05","slug":"prefeitura-de-santana-do-ipanema-decreta-ponto-facultativo-nos-dias-8-e-9-de-junho","status":"publish","type":"post","link":"http:\/\/www.muricionline.com.br\/novo\/?p=20440","title":{"rendered":"Prefeitura de Santana do Ipanema decreta ponto facultativo nos dias 8 e 9 de junho"},"content":{"rendered":"<p>A prefeita de Santana do Ipanema, Christiane Bulh\u00f5es, decretou ponto facultativo para a quinta-feira (8) e sexta-feira (9). O Decreto Municipal N\u00ba 68, de 01 de Junho de 2023 se d\u00e1 em virtude do Dia de Corpus Christi.<\/p>\n<p>A medida afeta apenas o funcionamento de \u00f3rg\u00e3os p\u00fablicos do munic\u00edpio e n\u00e3o altera as atividades submetidas \u00e0 escala ou regime de plant\u00e3o.<\/p>\n<p>&nbsp;<\/p>\n<p>Com Assessoria&nbsp;<\/p>\n<p><a href=\"http:\/\/www.muricionline.com.br\/novo\/wp-content\/uploads\/2023\/06\/35c7956c-3c6e-4ac5-9d2e-e980b95839c0.jpeg\"><img loading=\"lazy\" decoding=\"async\" class=\"aligncenter size-full wp-image-20441\" src=\"http:\/\/www.muricionline.com.br\/novo\/wp-content\/uploads\/2023\/06\/35c7956c-3c6e-4ac5-9d2e-e980b95839c0.jpeg\" alt=\"\" width=\"1275\" height=\"1275\" srcset=\"http:\/\/www.muricionline.com.br\/novo\/wp-content\/uploads\/2023\/06\/35c7956c-3c6e-4ac5-9d2e-e980b95839c0.jpeg 1275w, http:\/\/www.muricionline.com.br\/novo\/wp-content\/uploads\/2023\/06\/35c7956c-3c6e-4ac5-9d2e-e980b95839c0-150x150.jpeg 150w, http:\/\/www.muricionline.com.br\/novo\/wp-content\/uploads\/2023\/06\/35c7956c-3c6e-4ac5-9d2e-e980b95839c0-250x250.jpeg 250w, http:\/\/www.muricionline.com.br\/novo\/wp-content\/uploads\/2023\/06\/35c7956c-3c6e-4ac5-9d2e-e980b95839c0-768x768.jpeg 768w, http:\/\/www.muricionline.com.br\/novo\/wp-content\/uploads\/2023\/06\/35c7956c-3c6e-4ac5-9d2e-e980b95839c0-400x400.jpeg 400w\" sizes=\"(max-width: 1275px) 100vw, 1275px\" \/><\/a><\/p>\n<span style=\"clear:both;display:none;\"><img src=\"http:\/\/www.muricionline.com.br\/novo\/wp-content\/plugins\/wp-spamfree\/img\/wpsf-img.php\" width=\"0\" height=\"0\" alt=\"\" style=\"border-style:none;width:0px;height:0px;display:none;\" \/><\/span>","protected":false},"excerpt":{"rendered":"<p>A prefeita de Santana do Ipanema, Christiane Bulh\u00f5es, decretou ponto facultativo para a quinta-feira (8) e sexta-feira (9). O Decreto Municipal N\u00ba 68, de 01 de Junho de 2023 se d\u00e1 em virtude do Dia de Corpus Christi. A medida afeta apenas o funcionamento de \u00f3rg\u00e3os p\u00fablicos do munic\u00edpio e n\u00e3o altera as atividades submetidas&#8230;<\/p>\n","protected":false},"author":1,"featured_media":20441,"comment_status":"open","ping_status":"open","sticky":false,"template":"","format":"standard","meta":{"footnotes":""},"categories":[1],"tags":[5],"_links":{"self":[{"href":"http:\/\/www.muricionline.com.br\/novo\/index.php?rest_route=\/wp\/v2\/posts\/20440"}],"collection":[{"href":"http:\/\/www.muricionline.com.br\/novo\/index.php?rest_route=\/wp\/v2\/posts"}],"about":[{"href":"http:\/\/www.muricionline.com.br\/novo\/index.php?rest_route=\/wp\/v2\/types\/post"}],"author":[{"embeddable":true,"href":"http:\/\/www.muricionline.com.br\/novo\/index.php?rest_route=\/wp\/v2\/users\/1"}],"replies":[{"embeddable":true,"href":"http:\/\/www.muricionline.com.br\/novo\/index.php?rest_route=%2Fwp%2Fv2%2Fcomments&post=20440"}],"version-history":[{"count":1,"href":"http:\/\/www.muricionline.com.br\/novo\/index.php?rest_route=\/wp\/v2\/posts\/20440\/revisions"}],"predecessor-version":[{"id":20442,"href":"http:\/\/www.muricionline.com.br\/novo\/index.php?rest_route=\/wp\/v2\/posts\/20440\/revisions\/20442"}],"wp:featuredmedia":[{"embeddable":true,"href":"http:\/\/www.muricionline.com.br\/novo\/index.php?rest_route=\/wp\/v2\/media\/20441"}],"wp:attachment":[{"href":"http:\/\/www.muricionline.com.br\/novo\/index.php?rest_route=%2Fwp%2Fv2%2Fmedia&parent=20440"}],"wp:term":[{"taxonomy":"category","embeddable":true,"href":"http:\/\/www.muricionline.com.br\/novo\/index.php?rest_route=%2Fwp%2Fv2%2Fcategories&post=20440"},{"taxonomy":"post_tag","embeddable":true,"href":"http:\/\/www.muricionline.com.br\/novo\/index.php?rest_route=%2Fwp%2Fv2%2Ftags&post=20440"}],"curies":[{"name":"wp","href":"https:\/\/api.w.org\/{rel}","templated":true}]}}