{"id":20447,"date":"2023-06-08T06:41:52","date_gmt":"2023-06-08T09:41:52","guid":{"rendered":"http:\/\/www.muricionline.com.br\/novo\/?p=20447"},"modified":"2023-06-08T06:41:52","modified_gmt":"2023-06-08T09:41:52","slug":"christiane-bulhoes-assina-os-para-pavimentar-povoado-pedra-dagua-e-sementeira-com-emenda-do-deputado-isnaldo-bulhoes","status":"publish","type":"post","link":"http:\/\/www.muricionline.com.br\/novo\/?p=20447","title":{"rendered":"Christiane Bulh\u00f5es assina OS para pavimentar Povoado Pedra D\u2019\u00e1gua e Sementeira com emenda do deputado Isnaldo Bulh\u00f5es"},"content":{"rendered":"<p>A prefeita de Santana do Ipanema, Christiane Bulh\u00f5es assinou nesta ter\u00e7a-feira (6), a Ordem de Servi\u00e7o que autoriza a pavimenta\u00e7\u00e3o e drenagem das ruas do Povoado Pedra D\u00b4\u00e1gua e da Sementeira. As obras ser\u00e3o executadas com recursos destinados pelo deputado federal Isnaldo Bulh\u00f5es e v\u00e3o garantir dignidade, qualidade de vida, e al\u00e9m disso, v\u00e3o deixar as ruas mais bonitas.<\/p>\n<p>Durante a assinatura, a Christiane Bulh\u00f5es gravou um v\u00eddeo para falar da alegria em realizar mais um sonho dos moradores das comunidades e do saudoso prefeito Isnaldo Bulh\u00f5es. \u201cEu fico muito Feliz de estar trabalhando e realizar um grande sonho das comunidades beneficiadas e de todo povo. Era um grande sonho de Dr. Isnaldo Bulh\u00f5es\u201d.<\/p>\n<p>A prefeita agradeceu ao deputado Isnaldo Bulh\u00f5es pelos recursos enviados, pela senilidade e responsabilidade em representar Santana, o sert\u00e3o e Alagoas. \u201cEm nome do povo de Santana, nossos agradecimentos\u201d.<\/p>\n<p>A transforma\u00e7\u00e3o que Santana est\u00e1 vivendo avan\u00e7a da cidade a zona rural e o munic\u00edpio est\u00e1 cada vez mais forte e desenvolvido.<\/p>\n<p>A assinatura contou com as presen\u00e7as do presidente da C\u00e2mara de Vereadores, Moacir J\u00fanior, os vereadores Papa Tudo, Eliana Fofa, Junior Meirica e Nego de Zito, dos secret\u00e1rios Marcelo Melo, Amanda Gra\u00e7a, Vera Ara\u00fajo e Sibele Arroxelas, al\u00e9m dos suplentes de vereadores Audilene da Sa\u00fade e Z\u00e9 Del.<\/p>\n<p>Com Assessoria&nbsp;<\/p>\n<span style=\"clear:both;display:none;\"><img src=\"http:\/\/www.muricionline.com.br\/novo\/wp-content\/plugins\/wp-spamfree\/img\/wpsf-img.php\" width=\"0\" height=\"0\" alt=\"\" style=\"border-style:none;width:0px;height:0px;display:none;\" \/><\/span>","protected":false},"excerpt":{"rendered":"<p>A prefeita de Santana do Ipanema, Christiane Bulh\u00f5es assinou nesta ter\u00e7a-feira (6), a Ordem de Servi\u00e7o que autoriza a pavimenta\u00e7\u00e3o e drenagem das ruas do Povoado Pedra D\u00b4\u00e1gua e da Sementeira. As obras ser\u00e3o executadas com recursos destinados pelo deputado federal Isnaldo Bulh\u00f5es e v\u00e3o garantir dignidade, qualidade de vida, e al\u00e9m disso, v\u00e3o deixar&#8230;<\/p>\n","protected":false},"author":1,"featured_media":20448,"comment_status":"open","ping_status":"open","sticky":false,"template":"","format":"standard","meta":{"footnotes":""},"categories":[1],"tags":[5],"_links":{"self":[{"href":"http:\/\/www.muricionline.com.br\/novo\/index.php?rest_route=\/wp\/v2\/posts\/20447"}],"collection":[{"href":"http:\/\/www.muricionline.com.br\/novo\/index.php?rest_route=\/wp\/v2\/posts"}],"about":[{"href":"http:\/\/www.muricionline.com.br\/novo\/index.php?rest_route=\/wp\/v2\/types\/post"}],"author":[{"embeddable":true,"href":"http:\/\/www.muricionline.com.br\/novo\/index.php?rest_route=\/wp\/v2\/users\/1"}],"replies":[{"embeddable":true,"href":"http:\/\/www.muricionline.com.br\/novo\/index.php?rest_route=%2Fwp%2Fv2%2Fcomments&post=20447"}],"version-history":[{"count":1,"href":"http:\/\/www.muricionline.com.br\/novo\/index.php?rest_route=\/wp\/v2\/posts\/20447\/revisions"}],"predecessor-version":[{"id":20449,"href":"http:\/\/www.muricionline.com.br\/novo\/index.php?rest_route=\/wp\/v2\/posts\/20447\/revisions\/20449"}],"wp:featuredmedia":[{"embeddable":true,"href":"http:\/\/www.muricionline.com.br\/novo\/index.php?rest_route=\/wp\/v2\/media\/20448"}],"wp:attachment":[{"href":"http:\/\/www.muricionline.com.br\/novo\/index.php?rest_route=%2Fwp%2Fv2%2Fmedia&parent=20447"}],"wp:term":[{"taxonomy":"category","embeddable":true,"href":"http:\/\/www.muricionline.com.br\/novo\/index.php?rest_route=%2Fwp%2Fv2%2Fcategories&post=20447"},{"taxonomy":"post_tag","embeddable":true,"href":"http:\/\/www.muricionline.com.br\/novo\/index.php?rest_route=%2Fwp%2Fv2%2Ftags&post=20447"}],"curies":[{"name":"wp","href":"https:\/\/api.w.org\/{rel}","templated":true}]}}