{"id":20450,"date":"2023-06-08T06:44:56","date_gmt":"2023-06-08T09:44:56","guid":{"rendered":"http:\/\/www.muricionline.com.br\/novo\/?p=20450"},"modified":"2023-06-08T06:46:14","modified_gmt":"2023-06-08T09:46:14","slug":"periodo-chuvoso-defesa-civil-e-infraestrutura-de-santana-do-mundau-intensificam-trabalho-preventivo","status":"publish","type":"post","link":"http:\/\/www.muricionline.com.br\/novo\/?p=20450","title":{"rendered":"Per\u00edodo chuvoso: Defesa Civil e Infraestrutura de Santana do Munda\u00fa intensificam trabalho preventivo"},"content":{"rendered":"<p>Com a chegada do per\u00edodo chuvoso, a Defesa Civil Municipal e a Secretaria de Infraestrutura de Santana do Munda\u00fa est\u00e3o intensificando o trabalho preventivo com a\u00e7\u00f5es realizadas na zona urbana e rural.<\/p>\n<p>A equipe da Defesa&nbsp;Civil est\u00e1 realizando a aplica\u00e7\u00e3o de lonas em \u00e1reas de encosta com risco de movimenta\u00e7\u00e3o de terra; monitoramento hidrol\u00f3gico e meteorol\u00f3gico; visita aos reservat\u00f3rios acima da bacia hidrogr\u00e1fica do Rio Munda\u00fa; al\u00e9m de atualizar o plano de conting\u00eancia e mapear as \u00e1reas de risco. J\u00e1 a Infraestrutura, tem realizado limpezas nas galerias de \u00e1guas pluviais; e diversas a\u00e7\u00f5es de melhorias nas estradas da zona rural com a instala\u00e7\u00e3o de manilhas e outros servi\u00e7os.<\/p>\n<p>\u201cOrientados pelo prefeito Arthur Freitas, estamos realizando essas a\u00e7\u00f5es e servi\u00e7os como medidas de preven\u00e7\u00e3o, para evitar maiores danos neste per\u00edodo de chuvas em nosso munic\u00edpio. Desde a enchente que ocorreu no ano passado, nossas equipes est\u00e3o capacitadas e de prontid\u00e3o para atender ocorr\u00eancias que possam surgir. Sabemos que n\u00e3o podemos prever a for\u00e7a da natureza, mas com a uni\u00e3o de esfor\u00e7os de todos, seguimos sempre atentos e vigilantes\u201d, completou o coordenador da Defesa Civil, Arthur Rumenyng.<\/p>\n<p>&nbsp;<\/p>\n<p>Com Assessoria&nbsp;<\/p>\n<span style=\"clear:both;display:none;\"><img src=\"http:\/\/www.muricionline.com.br\/novo\/wp-content\/plugins\/wp-spamfree\/img\/wpsf-img.php\" width=\"0\" height=\"0\" alt=\"\" style=\"border-style:none;width:0px;height:0px;display:none;\" \/><\/span>","protected":false},"excerpt":{"rendered":"<p>Com a chegada do per\u00edodo chuvoso, a Defesa Civil Municipal e a Secretaria de Infraestrutura de Santana do Munda\u00fa est\u00e3o intensificando o trabalho preventivo com a\u00e7\u00f5es realizadas na zona urbana e rural. A equipe da Defesa&nbsp;Civil est\u00e1 realizando a aplica\u00e7\u00e3o de lonas em \u00e1reas de encosta com risco de movimenta\u00e7\u00e3o de terra; monitoramento hidrol\u00f3gico e&#8230;<\/p>\n","protected":false},"author":1,"featured_media":20451,"comment_status":"open","ping_status":"open","sticky":false,"template":"","format":"standard","meta":{"footnotes":""},"categories":[1],"tags":[5],"_links":{"self":[{"href":"http:\/\/www.muricionline.com.br\/novo\/index.php?rest_route=\/wp\/v2\/posts\/20450"}],"collection":[{"href":"http:\/\/www.muricionline.com.br\/novo\/index.php?rest_route=\/wp\/v2\/posts"}],"about":[{"href":"http:\/\/www.muricionline.com.br\/novo\/index.php?rest_route=\/wp\/v2\/types\/post"}],"author":[{"embeddable":true,"href":"http:\/\/www.muricionline.com.br\/novo\/index.php?rest_route=\/wp\/v2\/users\/1"}],"replies":[{"embeddable":true,"href":"http:\/\/www.muricionline.com.br\/novo\/index.php?rest_route=%2Fwp%2Fv2%2Fcomments&post=20450"}],"version-history":[{"count":1,"href":"http:\/\/www.muricionline.com.br\/novo\/index.php?rest_route=\/wp\/v2\/posts\/20450\/revisions"}],"predecessor-version":[{"id":20452,"href":"http:\/\/www.muricionline.com.br\/novo\/index.php?rest_route=\/wp\/v2\/posts\/20450\/revisions\/20452"}],"wp:featuredmedia":[{"embeddable":true,"href":"http:\/\/www.muricionline.com.br\/novo\/index.php?rest_route=\/wp\/v2\/media\/20451"}],"wp:attachment":[{"href":"http:\/\/www.muricionline.com.br\/novo\/index.php?rest_route=%2Fwp%2Fv2%2Fmedia&parent=20450"}],"wp:term":[{"taxonomy":"category","embeddable":true,"href":"http:\/\/www.muricionline.com.br\/novo\/index.php?rest_route=%2Fwp%2Fv2%2Fcategories&post=20450"},{"taxonomy":"post_tag","embeddable":true,"href":"http:\/\/www.muricionline.com.br\/novo\/index.php?rest_route=%2Fwp%2Fv2%2Ftags&post=20450"}],"curies":[{"name":"wp","href":"https:\/\/api.w.org\/{rel}","templated":true}]}}