{"id":20456,"date":"2023-06-08T17:09:15","date_gmt":"2023-06-08T20:09:15","guid":{"rendered":"http:\/\/www.muricionline.com.br\/novo\/?p=20456"},"modified":"2023-06-08T17:09:15","modified_gmt":"2023-06-08T20:09:15","slug":"prefeitura-de-ibateguara-divulga-programacao-de-sao-joao-o-arraia-na-cidade-do-frio","status":"publish","type":"post","link":"http:\/\/www.muricionline.com.br\/novo\/?p=20456","title":{"rendered":"Prefeitura de Ibateguara divulga programa\u00e7\u00e3o de S\u00e3o Jo\u00e3o, o \u201cArrai\u00e1 na Cidade do Frio\u201d"},"content":{"rendered":"<p>A Prefeitura de Ibateguara anunciou na \u00faltima quarta-feira (7) a programa\u00e7\u00e3o do &#8220;Arrai\u00e1 na cidade do frio&#8221;. Os shows acontecer\u00e3o de 10 a 29 de junho, a partir das 22 horas. Ir\u00e3o acontecer na Rua da Santa, Rua Carlos Lyra, Distrito Canastra, Povoado Ro\u00e7adinho, Rua XV de Novembro e Rua S\u00e3o Jo\u00e3o.&nbsp;Os shows contar\u00e3o&nbsp;com artistas da terra entre outros.<\/p>\n<p>Confira a programa\u00e7\u00e3o completa:<\/p>\n<p>S\u00e1bado (10) &#8211; Rua da Santa<\/p>\n<p>Grupo P\u00e9 de Serra&nbsp;<\/p>\n<p>Artistas Locais<\/p>\n<p>Segunda-feira (12) &#8211; Rua Carlos Lyra<\/p>\n<p>Tit\u00e3o e Banda Mega Star<\/p>\n<p>Paulinho Novais<\/p>\n<p>Grupo P\u00e9 de Serra<\/p>\n<p>Segunda-feira (12) &#8211; Distrito Canastra<\/p>\n<p>Grupo P\u00e9 de Serra&nbsp;<\/p>\n<p>Crryslayne Melo<\/p>\n<p>Sexta-Feira (23) &#8211; Rua Carlos Lyra<\/p>\n<p>Banda M\u00e1quina do Tempo<\/p>\n<p>Banda Mesclagem<\/p>\n<p>Grupo P\u00e9 de Serra<\/p>\n<p>Sexta-Feira (23) &#8211; Distrito Canastra<\/p>\n<p>Grupo P\u00e9 de Serra<\/p>\n<p>Z\u00e9 Matuto<\/p>\n<p>S\u00e1bado (24) &#8211; Povoado Ro\u00e7adinho<\/p>\n<p>Grupo P\u00e9 de Serra&nbsp;<\/p>\n<p>Artistas Locais<\/p>\n<p>Domingo (25) &#8211; Rua XV de Novembro<\/p>\n<p>Cryslayne Melo<\/p>\n<p>Grupo P\u00e9 de Serra<\/p>\n<p>Quinta-Feira (28) &#8211; Rua Carlos Lyra<\/p>\n<p>Guilherme e Forr\u00f3 Topado<\/p>\n<p>Os Alagoanos<\/p>\n<p>Grupo P\u00e9 de Serra<\/p>\n<p>Quinta-Feira (28) &#8211; Distrito Canastra<\/p>\n<p>Grupo P\u00e9 de Serra<\/p>\n<p>Cleoman e Banda<\/p>\n<p>Sexta-Feira (29) &#8211; Rua S\u00e3o Jo\u00e3o<\/p>\n<p>Grupo P\u00e9 de Serra<\/p>\n<p>Artistas Locais<\/p>\n<p>&nbsp;<\/p>\n<p>Cm Assessoria&nbsp;<\/p>\n<span style=\"clear:both;display:none;\"><img src=\"http:\/\/www.muricionline.com.br\/novo\/wp-content\/plugins\/wp-spamfree\/img\/wpsf-img.php\" width=\"0\" height=\"0\" alt=\"\" style=\"border-style:none;width:0px;height:0px;display:none;\" \/><\/span>","protected":false},"excerpt":{"rendered":"<p>A Prefeitura de Ibateguara anunciou na \u00faltima quarta-feira (7) a programa\u00e7\u00e3o do &#8220;Arrai\u00e1 na cidade do frio&#8221;. Os shows acontecer\u00e3o de 10 a 29 de junho, a partir das 22 horas. Ir\u00e3o acontecer na Rua da Santa, Rua Carlos Lyra, Distrito Canastra, Povoado Ro\u00e7adinho, Rua XV de Novembro e Rua S\u00e3o Jo\u00e3o.&nbsp;Os shows contar\u00e3o&nbsp;com artistas&#8230;<\/p>\n","protected":false},"author":1,"featured_media":20457,"comment_status":"open","ping_status":"open","sticky":false,"template":"","format":"standard","meta":{"footnotes":""},"categories":[1],"tags":[5],"_links":{"self":[{"href":"http:\/\/www.muricionline.com.br\/novo\/index.php?rest_route=\/wp\/v2\/posts\/20456"}],"collection":[{"href":"http:\/\/www.muricionline.com.br\/novo\/index.php?rest_route=\/wp\/v2\/posts"}],"about":[{"href":"http:\/\/www.muricionline.com.br\/novo\/index.php?rest_route=\/wp\/v2\/types\/post"}],"author":[{"embeddable":true,"href":"http:\/\/www.muricionline.com.br\/novo\/index.php?rest_route=\/wp\/v2\/users\/1"}],"replies":[{"embeddable":true,"href":"http:\/\/www.muricionline.com.br\/novo\/index.php?rest_route=%2Fwp%2Fv2%2Fcomments&post=20456"}],"version-history":[{"count":1,"href":"http:\/\/www.muricionline.com.br\/novo\/index.php?rest_route=\/wp\/v2\/posts\/20456\/revisions"}],"predecessor-version":[{"id":20458,"href":"http:\/\/www.muricionline.com.br\/novo\/index.php?rest_route=\/wp\/v2\/posts\/20456\/revisions\/20458"}],"wp:featuredmedia":[{"embeddable":true,"href":"http:\/\/www.muricionline.com.br\/novo\/index.php?rest_route=\/wp\/v2\/media\/20457"}],"wp:attachment":[{"href":"http:\/\/www.muricionline.com.br\/novo\/index.php?rest_route=%2Fwp%2Fv2%2Fmedia&parent=20456"}],"wp:term":[{"taxonomy":"category","embeddable":true,"href":"http:\/\/www.muricionline.com.br\/novo\/index.php?rest_route=%2Fwp%2Fv2%2Fcategories&post=20456"},{"taxonomy":"post_tag","embeddable":true,"href":"http:\/\/www.muricionline.com.br\/novo\/index.php?rest_route=%2Fwp%2Fv2%2Ftags&post=20456"}],"curies":[{"name":"wp","href":"https:\/\/api.w.org\/{rel}","templated":true}]}}