{"id":20459,"date":"2023-06-09T09:45:51","date_gmt":"2023-06-09T12:45:51","guid":{"rendered":"http:\/\/www.muricionline.com.br\/novo\/?p=20459"},"modified":"2023-06-09T09:46:28","modified_gmt":"2023-06-09T12:46:28","slug":"semana-do-meio-ambiente-em-santana-conscientiza-alunos-e-populacao-sobre-preservacao-dos-recursos-naturais","status":"publish","type":"post","link":"http:\/\/www.muricionline.com.br\/novo\/?p=20459","title":{"rendered":"Semana do Meio Ambiente em Santana conscientiza alunos e popula\u00e7\u00e3o sobre preserva\u00e7\u00e3o dos recursos naturais"},"content":{"rendered":"<p>A Prefeitura de Santana do Ipanema, por meio das Secretarias de Meio Ambiente e Educa\u00e7\u00e3o, promoveu a Semana do Meio Ambiente 2023. O evento foi um sucesso e contou com diversas a\u00e7\u00f5es proporcionando divers\u00e3o, aventura, conex\u00e3o com a natureza, aprendizado pr\u00e1tico e conscientiza\u00e7\u00e3o sobre a preserva\u00e7\u00e3o dos recursos naturais.<\/p>\n<p>As atividades foram iniciadas na \u00faltima sexta-feira (2), com uma Trilha Ecol\u00f3gica na Reserva Tocaia. Teve continuidade na segunda-feira (5), com o Cine Ambiental no Audit\u00f3rio da Secretaria de Meio Ambiente. Oficina Recicla Santana com palestra sobre a import\u00e2ncia da Coleta Seletiva. Plantio de 100 mudas de esp\u00e9cies nativas na da Represa Isnaldo Bulh\u00f5es. Outras trilhas na Reserva T\u00f4c\u00e1ia e Serrote dos Angicos envolvendo mais alunos da rede municipal de ensino.<\/p>\n<p>Teve tamb\u00e9m o Lan\u00e7amento do Projeto Menos Pl\u00e1stico, que chega para contribuir com a retirada do material pl\u00e1stico de circula\u00e7\u00e3o no munic\u00edpio com o apoio da comunidade escolar.<\/p>\n<p>Premia\u00e7\u00e3o do 2\u00ba Concurso Municipal de Reda\u00e7\u00e3o Ambiental e uma Blitz Ambiental conscientizando condutores e pedestres.<\/p>\n<p>Foi uma semana que al\u00e9m de tudo, refor\u00e7ou a necessidade da preserva\u00e7\u00e3o dos nossos recursos naturais. \u201cSomos os \u00fanicos respons\u00e1veis pelas mudan\u00e7as e impactos no meio em que vivemos. Se cada um fizer sua parte, garantiremos um futuro melhor\u201d.<\/p>\n<p>A prefeita Christiane Bulh\u00f5es divulgou um v\u00eddeo com o resumo da Semana do Meio Ambiente e refor\u00e7ou seu compromisso de cuidar do meio ambiente. \u2018\u00c9 um dever de todos n\u00f3s. Preserve\u2019, escreveu nas redes sociais.<\/p>\n<p>&nbsp;<\/p>\n<p>V\u00cdDEO<\/p>\n<p>&nbsp;<\/p>\n<p>https:\/\/www.instagram.com\/p\/CtP_uF-AdGa\/<\/p>\n<p>Com Assessoria&nbsp;<\/p>\n<span style=\"clear:both;display:none;\"><img src=\"http:\/\/www.muricionline.com.br\/novo\/wp-content\/plugins\/wp-spamfree\/img\/wpsf-img.php\" width=\"0\" height=\"0\" alt=\"\" style=\"border-style:none;width:0px;height:0px;display:none;\" \/><\/span>","protected":false},"excerpt":{"rendered":"<p>A Prefeitura de Santana do Ipanema, por meio das Secretarias de Meio Ambiente e Educa\u00e7\u00e3o, promoveu a Semana do Meio Ambiente 2023. O evento foi um sucesso e contou com diversas a\u00e7\u00f5es proporcionando divers\u00e3o, aventura, conex\u00e3o com a natureza, aprendizado pr\u00e1tico e conscientiza\u00e7\u00e3o sobre a preserva\u00e7\u00e3o dos recursos naturais. As atividades foram iniciadas na \u00faltima&#8230;<\/p>\n","protected":false},"author":1,"featured_media":20460,"comment_status":"open","ping_status":"open","sticky":false,"template":"","format":"standard","meta":{"footnotes":""},"categories":[7,1],"tags":[5],"_links":{"self":[{"href":"http:\/\/www.muricionline.com.br\/novo\/index.php?rest_route=\/wp\/v2\/posts\/20459"}],"collection":[{"href":"http:\/\/www.muricionline.com.br\/novo\/index.php?rest_route=\/wp\/v2\/posts"}],"about":[{"href":"http:\/\/www.muricionline.com.br\/novo\/index.php?rest_route=\/wp\/v2\/types\/post"}],"author":[{"embeddable":true,"href":"http:\/\/www.muricionline.com.br\/novo\/index.php?rest_route=\/wp\/v2\/users\/1"}],"replies":[{"embeddable":true,"href":"http:\/\/www.muricionline.com.br\/novo\/index.php?rest_route=%2Fwp%2Fv2%2Fcomments&post=20459"}],"version-history":[{"count":2,"href":"http:\/\/www.muricionline.com.br\/novo\/index.php?rest_route=\/wp\/v2\/posts\/20459\/revisions"}],"predecessor-version":[{"id":20462,"href":"http:\/\/www.muricionline.com.br\/novo\/index.php?rest_route=\/wp\/v2\/posts\/20459\/revisions\/20462"}],"wp:featuredmedia":[{"embeddable":true,"href":"http:\/\/www.muricionline.com.br\/novo\/index.php?rest_route=\/wp\/v2\/media\/20460"}],"wp:attachment":[{"href":"http:\/\/www.muricionline.com.br\/novo\/index.php?rest_route=%2Fwp%2Fv2%2Fmedia&parent=20459"}],"wp:term":[{"taxonomy":"category","embeddable":true,"href":"http:\/\/www.muricionline.com.br\/novo\/index.php?rest_route=%2Fwp%2Fv2%2Fcategories&post=20459"},{"taxonomy":"post_tag","embeddable":true,"href":"http:\/\/www.muricionline.com.br\/novo\/index.php?rest_route=%2Fwp%2Fv2%2Ftags&post=20459"}],"curies":[{"name":"wp","href":"https:\/\/api.w.org\/{rel}","templated":true}]}}