{"id":20463,"date":"2023-06-10T11:15:18","date_gmt":"2023-06-10T14:15:18","guid":{"rendered":"http:\/\/www.muricionline.com.br\/novo\/?p=20463"},"modified":"2023-06-10T11:15:18","modified_gmt":"2023-06-10T14:15:18","slug":"sao-joao-de-januario-tera-apresentacoes-culturais-e-shows-com-artistas-da-terra-em-santana","status":"publish","type":"post","link":"http:\/\/www.muricionline.com.br\/novo\/?p=20463","title":{"rendered":"S\u00e3o Jo\u00e3o de Janu\u00e1rio ter\u00e1 apresenta\u00e7\u00f5es culturais e shows com artistas da terra em Santana"},"content":{"rendered":"<p>A Prefeitura de Santana do Ipanema realizar\u00e1 entre os dias 14 e 21 de junho, o S\u00e3o Jo\u00e3o de Janu\u00e1rio, na pra\u00e7a Dr. Adelson Isaac de Miranda, com apresenta\u00e7\u00f5es culturais e shows com artistas da terra. Al\u00e9m disso, durante a programa\u00e7\u00e3o, a Vila Gastron\u00f4mica estar\u00e1 funcionando com v\u00e1rias comidas t\u00edpicas.<\/p>\n<p>CONFIRA A PROGRAMA\u00c7\u00c3O<\/p>\n<p>14\/06 &#8211; Quarta-feira<\/p>\n<p>20h Grupo Cultural Xaxado Estrela do Sert\u00e3o (Piranhas)<\/p>\n<p>21h Grupo Forr\u00f3 Sapucaia (Casa da Cultura)<\/p>\n<p>22h Show com Lohane Vaqueira<\/p>\n<p>15\/06 &#8211; Quinta-feira<\/p>\n<p>20h Grupo cultural \u201cA Dan\u00e7a da Peneira\u201d (CMEI Prof\u00ba. Roberval Menezes)<\/p>\n<p>20h30min Quadrilha Novo Amanh\u00e3 (Bairro Paulo Ferreira)<\/p>\n<p>21h Show com Klau Duarte<\/p>\n<p>16\/06 &#8211; Sexta-feira<\/p>\n<p>20h Quadrilha Mexe Mexe (S\u00e3o Jos\u00e9 da Tapera)<\/p>\n<p>21h Show com Danny Carvalho<\/p>\n<p>17\/06 &#8211; S\u00e1bado<\/p>\n<p>20h Grupo cultural \u201cDan\u00e7a da Saia\u201d (CMEI Prof\u00aa Maria do Socorro Batista)<\/p>\n<p>20h30min Coco de Roda Beija Flor do Sert\u00e3o<\/p>\n<p>21h Quadrilha P\u00f4r do Sol de Areia Branca<\/p>\n<p>22h Show com Jo\u00e3o Neto<\/p>\n<p>20\/06 Ter\u00e7a-feira<\/p>\n<p>20h Quadrilha Chap\u00e9u de Palha (Palestina)<\/p>\n<p>21h Quadrilha Explos\u00e3o do Sert\u00e3o (Olho d\u2019\u00c1gua das Flores)<\/p>\n<p>22h Show com Sony Carvalho<\/p>\n<p>21\/06 Quarta-feira<\/p>\n<p>20h Quadrilha Bora Bora (Conjunto Marinho)<\/p>\n<p>21h Quadrilha Beija Flor do Sert\u00e3o<\/p>\n<p>22h Show com Frank Balada<\/p>\n<p>&nbsp;<\/p>\n<p>Com Assessoria&nbsp;<\/p>\n<p><a href=\"http:\/\/www.muricionline.com.br\/novo\/wp-content\/uploads\/2023\/06\/c85cf9c0-74d4-4fad-bfea-a04379939599-1.jpeg\"><img loading=\"lazy\" decoding=\"async\" class=\"aligncenter size-full wp-image-20465\" src=\"http:\/\/www.muricionline.com.br\/novo\/wp-content\/uploads\/2023\/06\/c85cf9c0-74d4-4fad-bfea-a04379939599-1.jpeg\" alt=\"\" width=\"1080\" height=\"1350\" srcset=\"http:\/\/www.muricionline.com.br\/novo\/wp-content\/uploads\/2023\/06\/c85cf9c0-74d4-4fad-bfea-a04379939599-1.jpeg 1080w, http:\/\/www.muricionline.com.br\/novo\/wp-content\/uploads\/2023\/06\/c85cf9c0-74d4-4fad-bfea-a04379939599-1-200x250.jpeg 200w, http:\/\/www.muricionline.com.br\/novo\/wp-content\/uploads\/2023\/06\/c85cf9c0-74d4-4fad-bfea-a04379939599-1-768x960.jpeg 768w, http:\/\/www.muricionline.com.br\/novo\/wp-content\/uploads\/2023\/06\/c85cf9c0-74d4-4fad-bfea-a04379939599-1-320x400.jpeg 320w\" sizes=\"(max-width: 1080px) 100vw, 1080px\" \/><\/a><\/p>\n<span style=\"clear:both;display:none;\"><img src=\"http:\/\/www.muricionline.com.br\/novo\/wp-content\/plugins\/wp-spamfree\/img\/wpsf-img.php\" width=\"0\" height=\"0\" alt=\"\" style=\"border-style:none;width:0px;height:0px;display:none;\" \/><\/span>","protected":false},"excerpt":{"rendered":"<p>A Prefeitura de Santana do Ipanema realizar\u00e1 entre os dias 14 e 21 de junho, o S\u00e3o Jo\u00e3o de Janu\u00e1rio, na pra\u00e7a Dr. Adelson Isaac de Miranda, com apresenta\u00e7\u00f5es culturais e shows com artistas da terra. Al\u00e9m disso, durante a programa\u00e7\u00e3o, a Vila Gastron\u00f4mica estar\u00e1 funcionando com v\u00e1rias comidas t\u00edpicas. CONFIRA A PROGRAMA\u00c7\u00c3O 14\/06 &#8211;&#8230;<\/p>\n","protected":false},"author":1,"featured_media":20464,"comment_status":"open","ping_status":"open","sticky":false,"template":"","format":"standard","meta":{"footnotes":""},"categories":[1],"tags":[5],"_links":{"self":[{"href":"http:\/\/www.muricionline.com.br\/novo\/index.php?rest_route=\/wp\/v2\/posts\/20463"}],"collection":[{"href":"http:\/\/www.muricionline.com.br\/novo\/index.php?rest_route=\/wp\/v2\/posts"}],"about":[{"href":"http:\/\/www.muricionline.com.br\/novo\/index.php?rest_route=\/wp\/v2\/types\/post"}],"author":[{"embeddable":true,"href":"http:\/\/www.muricionline.com.br\/novo\/index.php?rest_route=\/wp\/v2\/users\/1"}],"replies":[{"embeddable":true,"href":"http:\/\/www.muricionline.com.br\/novo\/index.php?rest_route=%2Fwp%2Fv2%2Fcomments&post=20463"}],"version-history":[{"count":1,"href":"http:\/\/www.muricionline.com.br\/novo\/index.php?rest_route=\/wp\/v2\/posts\/20463\/revisions"}],"predecessor-version":[{"id":20466,"href":"http:\/\/www.muricionline.com.br\/novo\/index.php?rest_route=\/wp\/v2\/posts\/20463\/revisions\/20466"}],"wp:featuredmedia":[{"embeddable":true,"href":"http:\/\/www.muricionline.com.br\/novo\/index.php?rest_route=\/wp\/v2\/media\/20464"}],"wp:attachment":[{"href":"http:\/\/www.muricionline.com.br\/novo\/index.php?rest_route=%2Fwp%2Fv2%2Fmedia&parent=20463"}],"wp:term":[{"taxonomy":"category","embeddable":true,"href":"http:\/\/www.muricionline.com.br\/novo\/index.php?rest_route=%2Fwp%2Fv2%2Fcategories&post=20463"},{"taxonomy":"post_tag","embeddable":true,"href":"http:\/\/www.muricionline.com.br\/novo\/index.php?rest_route=%2Fwp%2Fv2%2Ftags&post=20463"}],"curies":[{"name":"wp","href":"https:\/\/api.w.org\/{rel}","templated":true}]}}