{"id":20467,"date":"2023-06-10T11:17:17","date_gmt":"2023-06-10T14:17:17","guid":{"rendered":"http:\/\/www.muricionline.com.br\/novo\/?p=20467"},"modified":"2023-06-10T11:17:22","modified_gmt":"2023-06-10T14:17:22","slug":"governador-visita-obra-do-estado-e-participa-de-inauguracoes-promovidas-pela-prefeitura-de-major-izidoro","status":"publish","type":"post","link":"http:\/\/www.muricionline.com.br\/novo\/?p=20467","title":{"rendered":"Governador visita obra do Estado e participa de inaugura\u00e7\u00f5es promovidas pela Prefeitura de Major Izidoro"},"content":{"rendered":"<p>O governador Paulo Dantas visitou, nesta sexta-feira (9), em Major Izidoro, as obras de implanta\u00e7\u00e3o de uma ciclovia com 3,5 km de extens\u00e3o e recapeamento asf\u00e1ltico do acesso do povoado S\u00e3o Marcos ao Centro do munic\u00edpio.&nbsp;&nbsp;Ao lado do prefeito Theobaldo Cintra e do deputado federal Luciano Amaral e do deputado estadual Bruno Toledo, o governador participou tamb\u00e9m de solenidades promovidas pela Prefeitura durante as festividades de Santo Ant\u00f4nio. Ele prestigiou a inaugura\u00e7\u00e3o da Escola Municipal Cemar e a entrega de dois \u00f4nibus escolares e uma moto para a Guarda Municipal. Todas as realiza\u00e7\u00f5es foram concebidas a partir de investimentos integralmente municipais.<\/p>\n<p><img decoding=\"async\" src=\"http:\/\/alagoas.al.gov.br\/imagens\/conteudos\/3628a6e9f3033ca1b8ac9c9e471489df\/\/09-06-2023%20-%20Reforma%20-%20Escola%20Municipal%20Cemar%20-%20(ED)-18.jpg\"><\/p>\n<p>&#8220;A primeira etapa n\u00f3s j\u00e1 iniciamos que \u00e9 reconstruir o asfalto de S\u00e3o Marcos at\u00e9 a cidade e que ter\u00e1 ciclovia, l\u00e2mpada de led, uma rodovia toda sinalizada de maneira horizontal e vertical. No in\u00edcio do segundo semestre vamos inaugurar essa primeira etapa&#8221;, disse o governador.&nbsp;&#8220;Na segunda etapa vamos urbanizar muitas ruas da cidade melhorando e valorizando os im\u00f3veis e a qualidade de vida dos moradores. J\u00e1 a terceira etapa vai ser uma obra extraordin\u00e1ria para o desenvolvimento do setor leiteiro aqui do Sert\u00e3o, que \u00e9 levar a rodovia de Batalha na AL- 220 at\u00e9 o povoado de Capelinha em Major. Esses investimentos v\u00e3o custar para o tesouro estadual R$45 milh\u00f5es&#8221;, acrescentou.<\/p>\n<p>&nbsp;<\/p>\n<p>Na oportunidade, Paulo destacou o r\u00e1pido desenvolvimento do munic\u00edpio nos \u00faltimos meses e o olhar da gest\u00e3o pela Educa\u00e7\u00e3o de Major. Ele anunciou que em breve ir\u00e1 voltar ao munic\u00edpio para inaugurar a Creche Cria.&nbsp;&#8220;Quero parabenizar a todos que fazem a Educa\u00e7\u00e3o de Major. Eu entendo que a maneira mais vi\u00e1vel de n\u00f3s apontarmos para o futuro diminuindo desigualdade ampliando oportunidade \u00e9 atrav\u00e9s da educa\u00e7\u00e3o. E por isso que tenho o compromisso de levar as 200 creches cria por toda Alagoas e aqui na Capelinha vamos ter uma. Vamos inaugurar ainda este ano&#8221;.<br \/>\n<img decoding=\"async\" src=\"http:\/\/alagoas.al.gov.br\/imagens\/conteudos\/3628a6e9f3033ca1b8ac9c9e471489df\/\/09-06-2023%20-%20Reforma%20-%20Escola%20Municipal%20Cemar%20-%20(ED)-19.jpg\"><\/p>\n<p>O prefeito Theobaldo agradeceu ao governador por sempre estar levando benef\u00edcios e desenvolvimento para a cidade e o povo de Major.&nbsp;&#8220;S\u00e3o investimentos na Sa\u00fade com recursos que o Estado vem passando para o munic\u00edpio. S\u00f3 gratid\u00e3o a vossa excel\u00eancia por toda parceria. Agrade\u00e7o imensamente em nome do povo de Major por todo o investimento do governo de Alagoas aqui&#8221;, acrescentou.<br \/>\n&nbsp;<\/p>\n<p><b>JEAL&nbsp;<\/b><\/p>\n<p>Ainda em Major Izidoro, o governador prestigiou a abertura da etapa regional dos Jogos Estudantis de Alagoas (JEAL), da 3\u00aa Ger\u00eancia Especial de Educa\u00e7\u00e3o.&nbsp;Acompanharam o governador na agenda em Major Izidoro, a primeira-dama Marina Dantas e o secret\u00e1rio de Governo, Vitor Pereira.<\/p>\n<p><img decoding=\"async\" src=\"http:\/\/alagoas.al.gov.br\/imagens\/conteudos\/3628a6e9f3033ca1b8ac9c9e471489df\/\/09-06-2023%20-%20JEAL%20-%20(ED)-1.jpg\"><\/p>\n<span style=\"clear:both;display:none;\"><img src=\"http:\/\/www.muricionline.com.br\/novo\/wp-content\/plugins\/wp-spamfree\/img\/wpsf-img.php\" width=\"0\" height=\"0\" alt=\"\" style=\"border-style:none;width:0px;height:0px;display:none;\" \/><\/span>","protected":false},"excerpt":{"rendered":"<p>O governador Paulo Dantas visitou, nesta sexta-feira (9), em Major Izidoro, as obras de implanta\u00e7\u00e3o de uma ciclovia com 3,5 km de extens\u00e3o e recapeamento asf\u00e1ltico do acesso do povoado S\u00e3o Marcos ao Centro do munic\u00edpio.&nbsp;&nbsp;Ao lado do prefeito Theobaldo Cintra e do deputado federal Luciano Amaral e do deputado estadual Bruno Toledo, o governador&#8230;<\/p>\n","protected":false},"author":1,"featured_media":20468,"comment_status":"open","ping_status":"open","sticky":false,"template":"","format":"standard","meta":{"footnotes":""},"categories":[1],"tags":[5],"_links":{"self":[{"href":"http:\/\/www.muricionline.com.br\/novo\/index.php?rest_route=\/wp\/v2\/posts\/20467"}],"collection":[{"href":"http:\/\/www.muricionline.com.br\/novo\/index.php?rest_route=\/wp\/v2\/posts"}],"about":[{"href":"http:\/\/www.muricionline.com.br\/novo\/index.php?rest_route=\/wp\/v2\/types\/post"}],"author":[{"embeddable":true,"href":"http:\/\/www.muricionline.com.br\/novo\/index.php?rest_route=\/wp\/v2\/users\/1"}],"replies":[{"embeddable":true,"href":"http:\/\/www.muricionline.com.br\/novo\/index.php?rest_route=%2Fwp%2Fv2%2Fcomments&post=20467"}],"version-history":[{"count":1,"href":"http:\/\/www.muricionline.com.br\/novo\/index.php?rest_route=\/wp\/v2\/posts\/20467\/revisions"}],"predecessor-version":[{"id":20469,"href":"http:\/\/www.muricionline.com.br\/novo\/index.php?rest_route=\/wp\/v2\/posts\/20467\/revisions\/20469"}],"wp:featuredmedia":[{"embeddable":true,"href":"http:\/\/www.muricionline.com.br\/novo\/index.php?rest_route=\/wp\/v2\/media\/20468"}],"wp:attachment":[{"href":"http:\/\/www.muricionline.com.br\/novo\/index.php?rest_route=%2Fwp%2Fv2%2Fmedia&parent=20467"}],"wp:term":[{"taxonomy":"category","embeddable":true,"href":"http:\/\/www.muricionline.com.br\/novo\/index.php?rest_route=%2Fwp%2Fv2%2Fcategories&post=20467"},{"taxonomy":"post_tag","embeddable":true,"href":"http:\/\/www.muricionline.com.br\/novo\/index.php?rest_route=%2Fwp%2Fv2%2Ftags&post=20467"}],"curies":[{"name":"wp","href":"https:\/\/api.w.org\/{rel}","templated":true}]}}