{"id":20470,"date":"2023-06-11T07:54:43","date_gmt":"2023-06-11T10:54:43","guid":{"rendered":"http:\/\/www.muricionline.com.br\/novo\/?p=20470"},"modified":"2023-06-11T07:54:43","modified_gmt":"2023-06-11T10:54:43","slug":"creche-cria-de-cacimbinhas-e-a-40a-entregue-pelo-governo-de-alagoas","status":"publish","type":"post","link":"http:\/\/www.muricionline.com.br\/novo\/?p=20470","title":{"rendered":"Creche Cria de Cacimbinhas \u00e9 a 40\u00aa entregue pelo Governo de Alagoas"},"content":{"rendered":"<p>Psic\u00f3logos dizem que a creche \u00e9 um universo que promove uma constru\u00e7\u00e3o da rede de cuidados sobre toda a fam\u00edlia. Tem a fun\u00e7\u00e3o de educar, conduzir ao exterior, otimizar a crian\u00e7a para que ela possa desenvolver seu pr\u00f3prio ponto de vista e o desenvolvimento cognitivo, por via corporal e da fala. Ao entender o importante papel que essa institui\u00e7\u00e3o representa na vida dos pequenos e dos pais e como ela contribui no desenvolvimento da primeira inf\u00e2ncia, o Governo de Alagoas vem avan\u00e7ando na constru\u00e7\u00e3o das 200 creches Cria no estado e, neste s\u00e1bado (10), o governador Paulo Dantas entregou a 40\u00aa no munic\u00edpio de Cacimbinhas.<\/p>\n<p>&nbsp;<\/p>\n<p><img decoding=\"async\" src=\"http:\/\/alagoas.al.gov.br\/imagens\/conteudos\/b7a779b97f171979a42a3a3f203ae051\/\/10-06-2023%20-%2040%C2%B0%20Creche%20Cria%20-%20Cacimbinhas%20-%20(ED)-15.jpg\"><\/p>\n<p>Localizada no distrito Minador do L\u00facio, o equipamento vai beneficiar 200 crian\u00e7as de 0 a 3 anos, em regime integral, cujas fam\u00edlias vivem em situa\u00e7\u00e3o de vulnerabilidade, com investimentos do Tesouro Estadual no valor de R$ 4,5 milh\u00f5es.<\/p>\n<p>&nbsp;<\/p>\n<p>\u201cEstamos entregando a 40\u00aa creche e com isso estamos proporcionando 8 mil vagas para nossas crian\u00e7as num ambiente super adequado, onde v\u00e3o receber cinco alimenta\u00e7\u00f5es, todo amor, carinho e aten\u00e7\u00e3o e uma educa\u00e7\u00e3o de extrema qualidade. Al\u00e9m disso, com as crian\u00e7as na creche, as mam\u00e3es ter\u00e3o a oportunidade de trabalhar e cuidar de suas coisas. O nosso objetivo e vamos alcan\u00e7ar \u00e9 entregar 200 creches Cria em toda Alagoas\u201d, disse o governador.<\/p>\n<p><img decoding=\"async\" src=\"http:\/\/alagoas.al.gov.br\/imagens\/conteudos\/b7a779b97f171979a42a3a3f203ae051\/\/10-06-2023%20-%2040%C2%B0%20Creche%20Cria%20-%20Cacimbinhas%20-%20(ED)-32.jpg\"><\/p>\n<p>&nbsp;<\/p>\n<p>O prefeito Hugo Wanderley agradeceu ao governador e destacou a import\u00e2ncia da creche para as crian\u00e7as e m\u00e3es de Cacimbinhas.&nbsp;\u201cAs crian\u00e7as ter\u00e3o um espa\u00e7o moderno e que n\u00e3o deixa a desejar a nenhuma escola particular. Vai proporcionar uma melhor qualidade de ensino com melhor condi\u00e7\u00e3o de trabalho para os nossos profissionais. Essas crian\u00e7as v\u00e3o estar tamb\u00e9m, a verdade seja dita, melhor nutridas. Temos estudos que demonstram que uma crian\u00e7a colocada em uma creche melhora a condi\u00e7\u00e3o nutricional\u201d, pontuou.&nbsp;<\/p>\n<p>&nbsp;<\/p>\n<p>O deputado estadual e natural de Cacimbinhas, Jos\u00e9 Wanderley, tamb\u00e9m ressaltou a import\u00e2ncia da creche para que as crian\u00e7as possam realizar seus sonhos.&nbsp;\u201cA import\u00e2ncia que tem o pr\u00e9-escolar para essas crian\u00e7as quando forem para as escolas j\u00e1 estarem socializadas num aprendizado iniciado l\u00e1 atr\u00e1s \u00e9 fundamental\u201d.&nbsp;<\/p>\n<p><img decoding=\"async\" src=\"http:\/\/alagoas.al.gov.br\/imagens\/conteudos\/b7a779b97f171979a42a3a3f203ae051\/\/10-06-2023%20-%2040%C2%B0%20Creche%20Cria%20-%20Cacimbinhas%20-%20(ED)-31.jpg\"><\/p>\n<p>&nbsp;<\/p>\n<p>Participaram da solenidade os prefeitos Ramon Camilo (Dois Riachos), Wagney Dantas (Batalha) e Petr\u00facio Barbosa (Igaci), a secret\u00e1ria do Gabinete Civil, Roseane Vasconcelos, e os secret\u00e1rios Vitor Pereira (Governo), Adaelson Correia (Gest\u00e3o Interna da Seduc) e Fl\u00e1vio Saraiva (Seguran\u00e7a), al\u00e9m de vereadores e autoridades pol\u00edticas da regi\u00e3o.&nbsp;<\/p>\n<p><img decoding=\"async\" src=\"http:\/\/alagoas.al.gov.br\/imagens\/conteudos\/b7a779b97f171979a42a3a3f203ae051\/\/10-06-2023%20-%2040%C2%B0%20Creche%20Cria%20-%20Cacimbinhas%20-%20(ED)-43.jpg\"><\/p>\n<span style=\"clear:both;display:none;\"><img src=\"http:\/\/www.muricionline.com.br\/novo\/wp-content\/plugins\/wp-spamfree\/img\/wpsf-img.php\" width=\"0\" height=\"0\" alt=\"\" style=\"border-style:none;width:0px;height:0px;display:none;\" \/><\/span>","protected":false},"excerpt":{"rendered":"<p>Psic\u00f3logos dizem que a creche \u00e9 um universo que promove uma constru\u00e7\u00e3o da rede de cuidados sobre toda a fam\u00edlia. Tem a fun\u00e7\u00e3o de educar, conduzir ao exterior, otimizar a crian\u00e7a para que ela possa desenvolver seu pr\u00f3prio ponto de vista e o desenvolvimento cognitivo, por via corporal e da fala. Ao entender o importante&#8230;<\/p>\n","protected":false},"author":1,"featured_media":20471,"comment_status":"open","ping_status":"open","sticky":false,"template":"","format":"standard","meta":{"footnotes":""},"categories":[7,1],"tags":[5],"_links":{"self":[{"href":"http:\/\/www.muricionline.com.br\/novo\/index.php?rest_route=\/wp\/v2\/posts\/20470"}],"collection":[{"href":"http:\/\/www.muricionline.com.br\/novo\/index.php?rest_route=\/wp\/v2\/posts"}],"about":[{"href":"http:\/\/www.muricionline.com.br\/novo\/index.php?rest_route=\/wp\/v2\/types\/post"}],"author":[{"embeddable":true,"href":"http:\/\/www.muricionline.com.br\/novo\/index.php?rest_route=\/wp\/v2\/users\/1"}],"replies":[{"embeddable":true,"href":"http:\/\/www.muricionline.com.br\/novo\/index.php?rest_route=%2Fwp%2Fv2%2Fcomments&post=20470"}],"version-history":[{"count":1,"href":"http:\/\/www.muricionline.com.br\/novo\/index.php?rest_route=\/wp\/v2\/posts\/20470\/revisions"}],"predecessor-version":[{"id":20472,"href":"http:\/\/www.muricionline.com.br\/novo\/index.php?rest_route=\/wp\/v2\/posts\/20470\/revisions\/20472"}],"wp:featuredmedia":[{"embeddable":true,"href":"http:\/\/www.muricionline.com.br\/novo\/index.php?rest_route=\/wp\/v2\/media\/20471"}],"wp:attachment":[{"href":"http:\/\/www.muricionline.com.br\/novo\/index.php?rest_route=%2Fwp%2Fv2%2Fmedia&parent=20470"}],"wp:term":[{"taxonomy":"category","embeddable":true,"href":"http:\/\/www.muricionline.com.br\/novo\/index.php?rest_route=%2Fwp%2Fv2%2Fcategories&post=20470"},{"taxonomy":"post_tag","embeddable":true,"href":"http:\/\/www.muricionline.com.br\/novo\/index.php?rest_route=%2Fwp%2Fv2%2Ftags&post=20470"}],"curies":[{"name":"wp","href":"https:\/\/api.w.org\/{rel}","templated":true}]}}