{"id":20473,"date":"2023-06-12T07:33:49","date_gmt":"2023-06-12T10:33:49","guid":{"rendered":"http:\/\/www.muricionline.com.br\/novo\/?p=20473"},"modified":"2023-06-12T07:34:45","modified_gmt":"2023-06-12T10:34:45","slug":"santana-do-mundau-celebra-63-anos-com-solenidades-e-shows-artisticos","status":"publish","type":"post","link":"http:\/\/www.muricionline.com.br\/novo\/?p=20473","title":{"rendered":"Santana do Munda\u00fa celebra 63 anos com solenidades e shows art\u00edsticos"},"content":{"rendered":"<p>Nesta quarta-feira (14), o munic\u00edpio de Santana do Munda\u00fa completa 63 anos de emancipa\u00e7\u00e3o pol\u00edtica; e para celebrar a data, a prefeitura preparou uma vasta programa\u00e7\u00e3o, que contar\u00e1 com inaugura\u00e7\u00f5es, desfile c\u00edvico e shows art\u00edsticos com os cantores Ra\u00ed Saia Rodada e Marcynho Sensa\u00e7\u00e3o; e a dupla Sandy e Marckelyne.<\/p>\n<p>\u201cPreparamos mais uma programa\u00e7\u00e3o especial para celebrar essa data marcante do jeito que a popula\u00e7\u00e3o mundauense merece. Vamos ter entrega de novos ve\u00edculos, equipamentos importantes, atos solenes, desfile c\u00edvico; e para fechar com chave de ouro, a grade art\u00edstica animar\u00e1 o p\u00fablico que vai prestigiar o evento no centro da nossa cidade. Est\u00e3o todos convidados\u201d, disse o prefeito Arthur Freitas.<\/p>\n<p><strong>Programa\u00e7\u00e3o completa<\/strong>:<\/p>\n<p>8h &#8211; Hasteamento das bandeiras;<br \/>\n9h &#8211; Missa em A\u00e7\u00e3o de Gra\u00e7as;<br \/>\n10h &#8211; Solenidades de entregas:<br \/>\n&#8211; Duas novas motos e um \u00f4nibus escolar (em frente \u00e0 prefeitura);<br \/>\n&#8211; Point do Motot\u00e1xi (centro);<br \/>\n&#8211; Unidade B\u00e1sica de Sa\u00fade Padre C\u00edcero (centro);<br \/>\n16h &#8211; Desfile C\u00edvico (centro);<br \/>\n22h &#8211; Shows com Ra\u00ed Saia Rodada, Marcynho Sensa\u00e7\u00e3o e Sandy e Marckelyne (Pra\u00e7a Sant\u2019Ana).<\/p>\n<p>&nbsp;<\/p>\n<p>Com Assessoria&nbsp;<\/p>\n<p><a href=\"http:\/\/www.muricionline.com.br\/novo\/wp-content\/uploads\/2023\/06\/06ce64a9-3ade-4029-8d05-e1123f8ac1df.jpeg\"><img loading=\"lazy\" decoding=\"async\" class=\"aligncenter size-full wp-image-20474\" src=\"http:\/\/www.muricionline.com.br\/novo\/wp-content\/uploads\/2023\/06\/06ce64a9-3ade-4029-8d05-e1123f8ac1df.jpeg\" alt=\"\" width=\"1000\" height=\"1350\" srcset=\"http:\/\/www.muricionline.com.br\/novo\/wp-content\/uploads\/2023\/06\/06ce64a9-3ade-4029-8d05-e1123f8ac1df.jpeg 1000w, http:\/\/www.muricionline.com.br\/novo\/wp-content\/uploads\/2023\/06\/06ce64a9-3ade-4029-8d05-e1123f8ac1df-185x250.jpeg 185w, http:\/\/www.muricionline.com.br\/novo\/wp-content\/uploads\/2023\/06\/06ce64a9-3ade-4029-8d05-e1123f8ac1df-768x1037.jpeg 768w, http:\/\/www.muricionline.com.br\/novo\/wp-content\/uploads\/2023\/06\/06ce64a9-3ade-4029-8d05-e1123f8ac1df-296x400.jpeg 296w\" sizes=\"(max-width: 1000px) 100vw, 1000px\" \/><\/a><\/p>\n<span style=\"clear:both;display:none;\"><img src=\"http:\/\/www.muricionline.com.br\/novo\/wp-content\/plugins\/wp-spamfree\/img\/wpsf-img.php\" width=\"0\" height=\"0\" alt=\"\" style=\"border-style:none;width:0px;height:0px;display:none;\" \/><\/span>","protected":false},"excerpt":{"rendered":"<p>Nesta quarta-feira (14), o munic\u00edpio de Santana do Munda\u00fa completa 63 anos de emancipa\u00e7\u00e3o pol\u00edtica; e para celebrar a data, a prefeitura preparou uma vasta programa\u00e7\u00e3o, que contar\u00e1 com inaugura\u00e7\u00f5es, desfile c\u00edvico e shows art\u00edsticos com os cantores Ra\u00ed Saia Rodada e Marcynho Sensa\u00e7\u00e3o; e a dupla Sandy e Marckelyne. \u201cPreparamos mais uma programa\u00e7\u00e3o especial&#8230;<\/p>\n","protected":false},"author":1,"featured_media":20476,"comment_status":"open","ping_status":"open","sticky":false,"template":"","format":"standard","meta":{"footnotes":""},"categories":[7,1],"tags":[5],"_links":{"self":[{"href":"http:\/\/www.muricionline.com.br\/novo\/index.php?rest_route=\/wp\/v2\/posts\/20473"}],"collection":[{"href":"http:\/\/www.muricionline.com.br\/novo\/index.php?rest_route=\/wp\/v2\/posts"}],"about":[{"href":"http:\/\/www.muricionline.com.br\/novo\/index.php?rest_route=\/wp\/v2\/types\/post"}],"author":[{"embeddable":true,"href":"http:\/\/www.muricionline.com.br\/novo\/index.php?rest_route=\/wp\/v2\/users\/1"}],"replies":[{"embeddable":true,"href":"http:\/\/www.muricionline.com.br\/novo\/index.php?rest_route=%2Fwp%2Fv2%2Fcomments&post=20473"}],"version-history":[{"count":1,"href":"http:\/\/www.muricionline.com.br\/novo\/index.php?rest_route=\/wp\/v2\/posts\/20473\/revisions"}],"predecessor-version":[{"id":20475,"href":"http:\/\/www.muricionline.com.br\/novo\/index.php?rest_route=\/wp\/v2\/posts\/20473\/revisions\/20475"}],"wp:featuredmedia":[{"embeddable":true,"href":"http:\/\/www.muricionline.com.br\/novo\/index.php?rest_route=\/wp\/v2\/media\/20476"}],"wp:attachment":[{"href":"http:\/\/www.muricionline.com.br\/novo\/index.php?rest_route=%2Fwp%2Fv2%2Fmedia&parent=20473"}],"wp:term":[{"taxonomy":"category","embeddable":true,"href":"http:\/\/www.muricionline.com.br\/novo\/index.php?rest_route=%2Fwp%2Fv2%2Fcategories&post=20473"},{"taxonomy":"post_tag","embeddable":true,"href":"http:\/\/www.muricionline.com.br\/novo\/index.php?rest_route=%2Fwp%2Fv2%2Ftags&post=20473"}],"curies":[{"name":"wp","href":"https:\/\/api.w.org\/{rel}","templated":true}]}}