{"id":20477,"date":"2023-06-12T15:53:00","date_gmt":"2023-06-12T18:53:00","guid":{"rendered":"http:\/\/www.muricionline.com.br\/novo\/?p=20477"},"modified":"2023-06-12T15:53:06","modified_gmt":"2023-06-12T18:53:06","slug":"radio-correio-do-sertao-anuncia-que-programacao-da-festa-da-juventude-sera-divulgada-na-quarta-14-na-abertura-do-sao-joao","status":"publish","type":"post","link":"http:\/\/www.muricionline.com.br\/novo\/?p=20477","title":{"rendered":"R\u00e1dio Correio do Sert\u00e3o anuncia que programa\u00e7\u00e3o da Festa da Juventude ser\u00e1 divulgada na quarta (14) na abertura do S\u00e3o Jo\u00e3o"},"content":{"rendered":"<p>A R\u00e1dio Correio do Sert\u00e3o obteve com exclusividade que a programa\u00e7\u00e3o da t\u00e3o guardada 59\u00aa Festa da Juventude ser\u00e1 divulgada na quarta-feira (14), pela prefeita Christiane Bulh\u00f5es, durante abertura do S\u00e3o Jo\u00e3o de Janu\u00e1rio, na Pra\u00e7a Dr. Adelson Isaac de Miranda. O evento ser\u00e1 transmitido ao vivo pelo Instagram da Prefeitura de Santana do Ipanema.<\/p>\n<p>At\u00e9 o momento, a \u00fanica atra\u00e7\u00e3o confirmada \u00e9 o cantor Tarcisio do Acordeon, um dos novos \u00eddolos do forr\u00f3 e grande fen\u00f4meno art\u00edstico desta rec\u00e9m-inaugurada d\u00e9cada.<\/p>\n<p>Promovida pela Prefeitura, a Festa da Juventude \u00e9 a maior festa jovem do Estado e a cada ano vem ganhando protagonismo entre as festas de Alagoas.<\/p>\n<p>&nbsp;<\/p>\n<p>Com Assessoria&nbsp;<\/p>\n<span style=\"clear:both;display:none;\"><img src=\"http:\/\/www.muricionline.com.br\/novo\/wp-content\/plugins\/wp-spamfree\/img\/wpsf-img.php\" width=\"0\" height=\"0\" alt=\"\" style=\"border-style:none;width:0px;height:0px;display:none;\" \/><\/span>","protected":false},"excerpt":{"rendered":"<p>A R\u00e1dio Correio do Sert\u00e3o obteve com exclusividade que a programa\u00e7\u00e3o da t\u00e3o guardada 59\u00aa Festa da Juventude ser\u00e1 divulgada na quarta-feira (14), pela prefeita Christiane Bulh\u00f5es, durante abertura do S\u00e3o Jo\u00e3o de Janu\u00e1rio, na Pra\u00e7a Dr. Adelson Isaac de Miranda. O evento ser\u00e1 transmitido ao vivo pelo Instagram da Prefeitura de Santana do Ipanema&#8230;.<\/p>\n","protected":false},"author":1,"featured_media":20478,"comment_status":"open","ping_status":"open","sticky":false,"template":"","format":"standard","meta":{"footnotes":""},"categories":[1],"tags":[5],"_links":{"self":[{"href":"http:\/\/www.muricionline.com.br\/novo\/index.php?rest_route=\/wp\/v2\/posts\/20477"}],"collection":[{"href":"http:\/\/www.muricionline.com.br\/novo\/index.php?rest_route=\/wp\/v2\/posts"}],"about":[{"href":"http:\/\/www.muricionline.com.br\/novo\/index.php?rest_route=\/wp\/v2\/types\/post"}],"author":[{"embeddable":true,"href":"http:\/\/www.muricionline.com.br\/novo\/index.php?rest_route=\/wp\/v2\/users\/1"}],"replies":[{"embeddable":true,"href":"http:\/\/www.muricionline.com.br\/novo\/index.php?rest_route=%2Fwp%2Fv2%2Fcomments&post=20477"}],"version-history":[{"count":1,"href":"http:\/\/www.muricionline.com.br\/novo\/index.php?rest_route=\/wp\/v2\/posts\/20477\/revisions"}],"predecessor-version":[{"id":20479,"href":"http:\/\/www.muricionline.com.br\/novo\/index.php?rest_route=\/wp\/v2\/posts\/20477\/revisions\/20479"}],"wp:featuredmedia":[{"embeddable":true,"href":"http:\/\/www.muricionline.com.br\/novo\/index.php?rest_route=\/wp\/v2\/media\/20478"}],"wp:attachment":[{"href":"http:\/\/www.muricionline.com.br\/novo\/index.php?rest_route=%2Fwp%2Fv2%2Fmedia&parent=20477"}],"wp:term":[{"taxonomy":"category","embeddable":true,"href":"http:\/\/www.muricionline.com.br\/novo\/index.php?rest_route=%2Fwp%2Fv2%2Fcategories&post=20477"},{"taxonomy":"post_tag","embeddable":true,"href":"http:\/\/www.muricionline.com.br\/novo\/index.php?rest_route=%2Fwp%2Fv2%2Ftags&post=20477"}],"curies":[{"name":"wp","href":"https:\/\/api.w.org\/{rel}","templated":true}]}}