{"id":20480,"date":"2023-06-12T15:55:21","date_gmt":"2023-06-12T18:55:21","guid":{"rendered":"http:\/\/www.muricionline.com.br\/novo\/?p=20480"},"modified":"2023-06-12T15:55:21","modified_gmt":"2023-06-12T18:55:21","slug":"tradicao-concurso-de-quadrilhas-juninas-tem-inicio-nesta-segunda-feira-em-alagoas","status":"publish","type":"post","link":"http:\/\/www.muricionline.com.br\/novo\/?p=20480","title":{"rendered":"Tradi\u00e7\u00e3o: Concurso de Quadrilhas Juninas tem in\u00edcio nesta segunda-feira em Alagoas"},"content":{"rendered":"<p>Est\u00e1 chegando a aguardada edi\u00e7\u00e3o do Forr\u00f3 e Folia 2023, evento que re\u00fane as melhores quadrilhas juninas de Alagoas. O concurso, que selecionar\u00e1 a campe\u00e3 para representar o Estado no Festival da Globo Nordeste, no Recife (PE), ocorrer\u00e1 no&nbsp;Gin\u00e1sio Poliesportivo Lauthenay Perdig\u00e3o (Gin\u00e1sio do Sesi), localizado na Av. Siqueira Campos, no Trapiche da Barra.&nbsp;<\/p>\n<p><img decoding=\"async\" src=\"http:\/\/alagoas.al.gov.br\/imagens\/conteudos\/1c5017274aec015365e7fe1bb224f0ac\/\/felipe4.jpg\"><\/p>\n<p>&nbsp;<\/p>\n<p>As apresenta\u00e7\u00f5es ter\u00e3o in\u00edcio nesta segunda-feira, 12 de junho, e a grande final ocorrer\u00e1 na sexta-feira, dia 16. O gin\u00e1sio abrir\u00e1 suas portas \u00e0s 18h, enquanto as apresenta\u00e7\u00f5es ter\u00e3o in\u00edcio \u00e0s 20h. Para criar um clima festivo, uma vila cenogr\u00e1fica estar\u00e1 dispon\u00edvel para intera\u00e7\u00f5es, al\u00e9m de uma pra\u00e7a de alimenta\u00e7\u00e3o com del\u00edcias regionais e uma \u00f3tima m\u00fasica regional. A entrada ser\u00e1 permitida mediante a doa\u00e7\u00e3o de 2 kg de alimentos n\u00e3o perec\u00edveis, que posteriormente ser\u00e3o destinados a institui\u00e7\u00f5es do Estado.<\/p>\n<p>&nbsp;<\/p>\n<p>&#8220;O Forr\u00f3 e Folia \u00e9 uma celebra\u00e7\u00e3o cultural de extrema import\u00e2ncia para Alagoas, n\u00e3o apenas por promover a tradi\u00e7\u00e3o do forr\u00f3 e das quadrilhas juninas, mas tamb\u00e9m por destacar o talento dos nossos artistas e a riqueza da nossa cultura regional. Atrav\u00e9s dessa parceria, estamos proporcionando um espa\u00e7o de valoriza\u00e7\u00e3o e reconhecimento para as quadrilhas, al\u00e9m de oportunidades para que nossa cultura seja difundida&nbsp;nacionalmente&#8221;, disse a secret\u00e1ria de Estado da Cultura e Economia Criativa, Mellina Freitas.<\/p>\n<p><img decoding=\"async\" src=\"http:\/\/alagoas.al.gov.br\/imagens\/conteudos\/1c5017274aec015365e7fe1bb224f0ac\/\/felipe3.jpg\"><\/p>\n<p>&nbsp;<\/p>\n<p>O Forr\u00f3 e Folia 2023 \u00e9 uma parceria entre Organiza\u00e7\u00e3o Arnon de Mello (OAM), TV Gazeta, Liga das Quadrilhas Juninas de Alagoas (LIQAL) e o Governo de Alagoas, atrav\u00e9s das Secretarias de Estado da Comunica\u00e7\u00e3o (Secom) e da Cultura e Economia Criativa.<\/p>\n<p>&nbsp;<\/p>\n<p><b>Confira a ordem de apresenta\u00e7\u00f5es do Forr\u00f3 e Folia:<\/b><\/p>\n<p>&nbsp;<\/p>\n<p>12 de junho<\/p>\n<p>1. Chap\u00e9u de Couro<\/p>\n<p>2. Forr\u00f3 Bai\u00e3o<\/p>\n<p>3. Flor do Mandacaru<\/p>\n<p>&nbsp;<\/p>\n<p>13 de junho<\/p>\n<p>1. A Fazendinha<\/p>\n<p>2. Show Nordestino<\/p>\n<p>3. Amanhecer no Sert\u00e3o<\/p>\n<p>4. Xod\u00f3 e Xamego<\/p>\n<p>&nbsp;<\/p>\n<p>14 de junho<\/p>\n<p>1. Renascer do Sert\u00e3o<\/p>\n<p>2. Brilho Lunar<\/p>\n<p>3. Flor de Chita<\/p>\n<p>4. Luar do Sert\u00e3o<\/p>\n<p>5. Dona Ci\u00e7a<\/p>\n<p>&nbsp;<\/p>\n<p>15 de junho<\/p>\n<p>1. Canarraia<\/p>\n<p>2. Dona Dada<\/p>\n<p>3. Gib\u00e3o de Couro<\/p>\n<p>4. Sanfona do Rei<\/p>\n<p>&nbsp;<\/p>\n<p>16 de junho<\/p>\n<p>Grande final<\/p>\n<p>Com Ag\u00eancia Alagoas&nbsp;<\/p>\n<span style=\"clear:both;display:none;\"><img src=\"http:\/\/www.muricionline.com.br\/novo\/wp-content\/plugins\/wp-spamfree\/img\/wpsf-img.php\" width=\"0\" height=\"0\" alt=\"\" style=\"border-style:none;width:0px;height:0px;display:none;\" \/><\/span>","protected":false},"excerpt":{"rendered":"<p>Est\u00e1 chegando a aguardada edi\u00e7\u00e3o do Forr\u00f3 e Folia 2023, evento que re\u00fane as melhores quadrilhas juninas de Alagoas. O concurso, que selecionar\u00e1 a campe\u00e3 para representar o Estado no Festival da Globo Nordeste, no Recife (PE), ocorrer\u00e1 no&nbsp;Gin\u00e1sio Poliesportivo Lauthenay Perdig\u00e3o (Gin\u00e1sio do Sesi), localizado na Av. Siqueira Campos, no Trapiche da Barra.&nbsp; &nbsp;&#8230;<\/p>\n","protected":false},"author":1,"featured_media":20481,"comment_status":"open","ping_status":"open","sticky":false,"template":"","format":"standard","meta":{"footnotes":""},"categories":[7,1],"tags":[5],"_links":{"self":[{"href":"http:\/\/www.muricionline.com.br\/novo\/index.php?rest_route=\/wp\/v2\/posts\/20480"}],"collection":[{"href":"http:\/\/www.muricionline.com.br\/novo\/index.php?rest_route=\/wp\/v2\/posts"}],"about":[{"href":"http:\/\/www.muricionline.com.br\/novo\/index.php?rest_route=\/wp\/v2\/types\/post"}],"author":[{"embeddable":true,"href":"http:\/\/www.muricionline.com.br\/novo\/index.php?rest_route=\/wp\/v2\/users\/1"}],"replies":[{"embeddable":true,"href":"http:\/\/www.muricionline.com.br\/novo\/index.php?rest_route=%2Fwp%2Fv2%2Fcomments&post=20480"}],"version-history":[{"count":1,"href":"http:\/\/www.muricionline.com.br\/novo\/index.php?rest_route=\/wp\/v2\/posts\/20480\/revisions"}],"predecessor-version":[{"id":20482,"href":"http:\/\/www.muricionline.com.br\/novo\/index.php?rest_route=\/wp\/v2\/posts\/20480\/revisions\/20482"}],"wp:featuredmedia":[{"embeddable":true,"href":"http:\/\/www.muricionline.com.br\/novo\/index.php?rest_route=\/wp\/v2\/media\/20481"}],"wp:attachment":[{"href":"http:\/\/www.muricionline.com.br\/novo\/index.php?rest_route=%2Fwp%2Fv2%2Fmedia&parent=20480"}],"wp:term":[{"taxonomy":"category","embeddable":true,"href":"http:\/\/www.muricionline.com.br\/novo\/index.php?rest_route=%2Fwp%2Fv2%2Fcategories&post=20480"},{"taxonomy":"post_tag","embeddable":true,"href":"http:\/\/www.muricionline.com.br\/novo\/index.php?rest_route=%2Fwp%2Fv2%2Ftags&post=20480"}],"curies":[{"name":"wp","href":"https:\/\/api.w.org\/{rel}","templated":true}]}}