{"id":20483,"date":"2023-06-12T15:57:22","date_gmt":"2023-06-12T18:57:22","guid":{"rendered":"http:\/\/www.muricionline.com.br\/novo\/?p=20483"},"modified":"2023-06-12T15:58:36","modified_gmt":"2023-06-12T18:58:36","slug":"prefeitura-de-santana-abre-inscricoes-para-concurso-da-rainha-da-juventude-confira-o-regulamento","status":"publish","type":"post","link":"http:\/\/www.muricionline.com.br\/novo\/?p=20483","title":{"rendered":"Prefeitura de Santana abre inscri\u00e7\u00f5es para Concurso da Rainha da Juventude; confira o regulamento"},"content":{"rendered":"<p>A Prefeitura de Santana do Ipanema abriu as inscri\u00e7\u00f5es para o concurso da Rainha da Juventude 2023. O desfile acontece no dia 6 de Julho, na Pra\u00e7a Dr. Adelson Isaac de Miranda com uma grande festa. As inscri\u00e7\u00f5es est\u00e3o sendo realizadas na Casa da Cultura, das 9h \u00e0s 16h, de segunda a sexta-feira.<\/p>\n<p>As interessadas devem preencher a ficha de inscri\u00e7\u00e3o. CLIQUE AQUI E BAIXE O REGULAMENTO E A FICHA DE INSCRI\u00c7\u00c3O.<\/p>\n<p>De acordo com o regulamento, as inscri\u00e7\u00f5es s\u00f3 ser\u00e3o permitidas para candidatas santanenses com idade igual ou superior a 15 anos e no m\u00e1ximo 21 anos.<\/p>\n<p>A rainha da juventude eleita ter\u00e1 um mandato de Julho de 2022 a julho de 2023, data do pr\u00f3ximo concurso.<\/p>\n<p>Com Assessoria&nbsp;<\/p>\n<p><a href=\"http:\/\/www.muricionline.com.br\/novo\/wp-content\/uploads\/2023\/06\/914d53f6-6baf-42bc-b272-1630807196ff-1.jpeg\"><img loading=\"lazy\" decoding=\"async\" class=\"aligncenter size-full wp-image-20487\" src=\"http:\/\/www.muricionline.com.br\/novo\/wp-content\/uploads\/2023\/06\/914d53f6-6baf-42bc-b272-1630807196ff-1.jpeg\" alt=\"\" width=\"1080\" height=\"1350\" srcset=\"http:\/\/www.muricionline.com.br\/novo\/wp-content\/uploads\/2023\/06\/914d53f6-6baf-42bc-b272-1630807196ff-1.jpeg 1080w, http:\/\/www.muricionline.com.br\/novo\/wp-content\/uploads\/2023\/06\/914d53f6-6baf-42bc-b272-1630807196ff-1-200x250.jpeg 200w, http:\/\/www.muricionline.com.br\/novo\/wp-content\/uploads\/2023\/06\/914d53f6-6baf-42bc-b272-1630807196ff-1-768x960.jpeg 768w, http:\/\/www.muricionline.com.br\/novo\/wp-content\/uploads\/2023\/06\/914d53f6-6baf-42bc-b272-1630807196ff-1-320x400.jpeg 320w\" sizes=\"(max-width: 1080px) 100vw, 1080px\" \/><\/a><\/p>\n<p>&nbsp;<\/p>\n<span style=\"clear:both;display:none;\"><img src=\"http:\/\/www.muricionline.com.br\/novo\/wp-content\/plugins\/wp-spamfree\/img\/wpsf-img.php\" width=\"0\" height=\"0\" alt=\"\" style=\"border-style:none;width:0px;height:0px;display:none;\" \/><\/span>","protected":false},"excerpt":{"rendered":"<p>A Prefeitura de Santana do Ipanema abriu as inscri\u00e7\u00f5es para o concurso da Rainha da Juventude 2023. O desfile acontece no dia 6 de Julho, na Pra\u00e7a Dr. Adelson Isaac de Miranda com uma grande festa. As inscri\u00e7\u00f5es est\u00e3o sendo realizadas na Casa da Cultura, das 9h \u00e0s 16h, de segunda a sexta-feira. As interessadas&#8230;<\/p>\n","protected":false},"author":1,"featured_media":20485,"comment_status":"open","ping_status":"open","sticky":false,"template":"","format":"standard","meta":{"footnotes":""},"categories":[1],"tags":[5],"_links":{"self":[{"href":"http:\/\/www.muricionline.com.br\/novo\/index.php?rest_route=\/wp\/v2\/posts\/20483"}],"collection":[{"href":"http:\/\/www.muricionline.com.br\/novo\/index.php?rest_route=\/wp\/v2\/posts"}],"about":[{"href":"http:\/\/www.muricionline.com.br\/novo\/index.php?rest_route=\/wp\/v2\/types\/post"}],"author":[{"embeddable":true,"href":"http:\/\/www.muricionline.com.br\/novo\/index.php?rest_route=\/wp\/v2\/users\/1"}],"replies":[{"embeddable":true,"href":"http:\/\/www.muricionline.com.br\/novo\/index.php?rest_route=%2Fwp%2Fv2%2Fcomments&post=20483"}],"version-history":[{"count":3,"href":"http:\/\/www.muricionline.com.br\/novo\/index.php?rest_route=\/wp\/v2\/posts\/20483\/revisions"}],"predecessor-version":[{"id":20489,"href":"http:\/\/www.muricionline.com.br\/novo\/index.php?rest_route=\/wp\/v2\/posts\/20483\/revisions\/20489"}],"wp:featuredmedia":[{"embeddable":true,"href":"http:\/\/www.muricionline.com.br\/novo\/index.php?rest_route=\/wp\/v2\/media\/20485"}],"wp:attachment":[{"href":"http:\/\/www.muricionline.com.br\/novo\/index.php?rest_route=%2Fwp%2Fv2%2Fmedia&parent=20483"}],"wp:term":[{"taxonomy":"category","embeddable":true,"href":"http:\/\/www.muricionline.com.br\/novo\/index.php?rest_route=%2Fwp%2Fv2%2Fcategories&post=20483"},{"taxonomy":"post_tag","embeddable":true,"href":"http:\/\/www.muricionline.com.br\/novo\/index.php?rest_route=%2Fwp%2Fv2%2Ftags&post=20483"}],"curies":[{"name":"wp","href":"https:\/\/api.w.org\/{rel}","templated":true}]}}