{"id":20490,"date":"2023-06-13T06:16:12","date_gmt":"2023-06-13T09:16:12","guid":{"rendered":"http:\/\/www.muricionline.com.br\/novo\/?p=20490"},"modified":"2023-06-13T06:16:12","modified_gmt":"2023-06-13T09:16:12","slug":"alem-dos-shows-prefeitura-da-branquinha-investe-em-vila-tematica-de-sao-joao-e-brinquedos-para-as-criancas","status":"publish","type":"post","link":"http:\/\/www.muricionline.com.br\/novo\/?p=20490","title":{"rendered":"Al\u00e9m dos shows, Prefeitura da Branquinha investe em Vila tem\u00e1tica de S\u00e3o Jo\u00e3o e brinquedos para as crian\u00e7as"},"content":{"rendered":"<header class=\"news-header\"><\/header>\n<section class=\"news-content --content block-internal\">Em seu Instagram Oficial, a Prefeitura da Branquinha anunciou que no S\u00e3o Jo\u00e3o nos dias 15, 16, 17 e 18 das 18h \u00e0s 21h al\u00e9m dos shows art\u00edsticos a cidade tamb\u00e9m contar\u00e1 com uma vila tem\u00e1tica para fotos e brinquedos para as crian\u00e7as.<\/p>\n<p>A Prefeitura realizar\u00e1 nos dias 15, 16, 17 e 18 de junho a 1\u00aa edi\u00e7\u00e3o do S\u00e3o Jo\u00e3o \u2018\u00c9 da nossa gente\u2019 na Pra\u00e7a Jos\u00e9 Gomes de Freitas &#8211; centro da cidade. Com vila tem\u00e1tica, divers\u00e3o para a crian\u00e7ada e gastronomia, o p\u00fablico ir\u00e1 curtir quatro noites de shows art\u00edsticos. Na sexta-feira (16), a programa\u00e7\u00e3o tamb\u00e9m conta com apresenta\u00e7\u00f5es de quadrilhas de v\u00e1rias cidades e o lan\u00e7amento do grupo do munic\u00edpio \u2018Junina Lua Branca\u2019.<\/p>\n<p>&nbsp;<\/p>\n<\/section>\n<p>Com Assessoria&nbsp;<\/p>\n<span style=\"clear:both;display:none;\"><img src=\"http:\/\/www.muricionline.com.br\/novo\/wp-content\/plugins\/wp-spamfree\/img\/wpsf-img.php\" width=\"0\" height=\"0\" alt=\"\" style=\"border-style:none;width:0px;height:0px;display:none;\" \/><\/span>","protected":false},"excerpt":{"rendered":"<p>Em seu Instagram Oficial, a Prefeitura da Branquinha anunciou que no S\u00e3o Jo\u00e3o nos dias 15, 16, 17 e 18 das 18h \u00e0s 21h al\u00e9m dos shows art\u00edsticos a cidade tamb\u00e9m contar\u00e1 com uma vila tem\u00e1tica para fotos e brinquedos para as crian\u00e7as. A Prefeitura realizar\u00e1 nos dias 15, 16, 17 e 18 de junho&#8230;<\/p>\n","protected":false},"author":1,"featured_media":20491,"comment_status":"open","ping_status":"open","sticky":false,"template":"","format":"standard","meta":{"footnotes":""},"categories":[1],"tags":[5],"_links":{"self":[{"href":"http:\/\/www.muricionline.com.br\/novo\/index.php?rest_route=\/wp\/v2\/posts\/20490"}],"collection":[{"href":"http:\/\/www.muricionline.com.br\/novo\/index.php?rest_route=\/wp\/v2\/posts"}],"about":[{"href":"http:\/\/www.muricionline.com.br\/novo\/index.php?rest_route=\/wp\/v2\/types\/post"}],"author":[{"embeddable":true,"href":"http:\/\/www.muricionline.com.br\/novo\/index.php?rest_route=\/wp\/v2\/users\/1"}],"replies":[{"embeddable":true,"href":"http:\/\/www.muricionline.com.br\/novo\/index.php?rest_route=%2Fwp%2Fv2%2Fcomments&post=20490"}],"version-history":[{"count":1,"href":"http:\/\/www.muricionline.com.br\/novo\/index.php?rest_route=\/wp\/v2\/posts\/20490\/revisions"}],"predecessor-version":[{"id":20492,"href":"http:\/\/www.muricionline.com.br\/novo\/index.php?rest_route=\/wp\/v2\/posts\/20490\/revisions\/20492"}],"wp:featuredmedia":[{"embeddable":true,"href":"http:\/\/www.muricionline.com.br\/novo\/index.php?rest_route=\/wp\/v2\/media\/20491"}],"wp:attachment":[{"href":"http:\/\/www.muricionline.com.br\/novo\/index.php?rest_route=%2Fwp%2Fv2%2Fmedia&parent=20490"}],"wp:term":[{"taxonomy":"category","embeddable":true,"href":"http:\/\/www.muricionline.com.br\/novo\/index.php?rest_route=%2Fwp%2Fv2%2Fcategories&post=20490"},{"taxonomy":"post_tag","embeddable":true,"href":"http:\/\/www.muricionline.com.br\/novo\/index.php?rest_route=%2Fwp%2Fv2%2Ftags&post=20490"}],"curies":[{"name":"wp","href":"https:\/\/api.w.org\/{rel}","templated":true}]}}