{"id":20509,"date":"2023-06-13T13:47:45","date_gmt":"2023-06-13T16:47:45","guid":{"rendered":"http:\/\/www.muricionline.com.br\/novo\/?p=20509"},"modified":"2023-06-13T13:47:45","modified_gmt":"2023-06-13T16:47:45","slug":"abertura-do-tradicional-arraia-do-povo-em-sao-jose-da-laje-reune-mais-de-5-mil-pessoas","status":"publish","type":"post","link":"http:\/\/www.muricionline.com.br\/novo\/?p=20509","title":{"rendered":"Abertura do tradicional Arraia do Povo em S\u00e3o Jos\u00e9 da Laje re\u00fane mais de 5 mil pessoas"},"content":{"rendered":"<p>O S\u00e3o Jo\u00e3o em S\u00e3o Jos\u00e9 da Laje se consolida como um dos mais importantes eventos culturais da regi\u00e3o. A abertura do S\u00e3o Jo\u00e3o Cultural denominado \u201cArrai\u00e1 do Povo\u201d, iniciou na noite dessa segunda-feira, 12, com a apresenta\u00e7\u00e3o da Quadrilha Junina Flor de Chita al\u00e9m dos shows musicais com Cordeiro do Acordeon e Banda Karisma que animaram mais de 5 mil pessoas na Arena do Forr\u00f3.<\/p>\n<p>A arena foi montada na Pra\u00e7a de Eventos Valmir Amorim de Almeida J\u00fanior, veio com muitas novidades para os visitantes. As tendas tem\u00e1ticas, com caracteriza\u00e7\u00e3o junina, espa\u00e7o para fotos e produtos da Cultural Nordestina, est\u00e3o \u00e0 disposi\u00e7\u00e3o da comunidade. Barracas de comidas t\u00edpicas e regionais. No tocante \u00e0 acomoda\u00e7\u00e3o, uma arquibancada de 30 metros com cobertura foi disponibilizada ao p\u00fablico.<br \/>\nUma das novidades da Arena do Forr\u00f3 que est\u00e1 100% coberta \u00e9 o \u201cBrink Parque\u201d onde o p\u00fablico infantil pode participar das atividades l\u00fadicas nos brinquedos destinado \u00e0s crian\u00e7as, durante os 5 dias das noites juninas.<\/p>\n<p><a href=\"http:\/\/www.muricionline.com.br\/novo\/wp-content\/uploads\/2023\/06\/8ba56a4b-c6d4-4b2b-91ab-5a66301e119a.jpeg\"><img loading=\"lazy\" decoding=\"async\" class=\"aligncenter size-full wp-image-20512\" src=\"http:\/\/www.muricionline.com.br\/novo\/wp-content\/uploads\/2023\/06\/8ba56a4b-c6d4-4b2b-91ab-5a66301e119a.jpeg\" alt=\"\" width=\"1024\" height=\"683\" srcset=\"http:\/\/www.muricionline.com.br\/novo\/wp-content\/uploads\/2023\/06\/8ba56a4b-c6d4-4b2b-91ab-5a66301e119a.jpeg 1024w, http:\/\/www.muricionline.com.br\/novo\/wp-content\/uploads\/2023\/06\/8ba56a4b-c6d4-4b2b-91ab-5a66301e119a-250x167.jpeg 250w, http:\/\/www.muricionline.com.br\/novo\/wp-content\/uploads\/2023\/06\/8ba56a4b-c6d4-4b2b-91ab-5a66301e119a-768x512.jpeg 768w, http:\/\/www.muricionline.com.br\/novo\/wp-content\/uploads\/2023\/06\/8ba56a4b-c6d4-4b2b-91ab-5a66301e119a-400x267.jpeg 400w\" sizes=\"(max-width: 1024px) 100vw, 1024px\" \/><\/a><\/p>\n<p>Na Arena do Forr\u00f3, as apresenta\u00e7\u00f5es culturais\/art\u00edsticas, iniciaram \u00e0s 20h.<\/p>\n<p>Para atender um grande p\u00fablico e para que os visitantes se divertissem e voltassem para casa com seguran\u00e7a, o evento contou com o apoio da Pol\u00edcia Militar, dentro e no entorno da cidade de S\u00e3o Jos\u00e9 da Laje, com o apoio da Guarda Municipal e Bombeiros Civis. Al\u00e9m disso, contou com equipes da Secretaria de Sa\u00fade com uma ambul\u00e2ncia de prontid\u00e3o.<\/p>\n<p>Em S\u00e3o Jos\u00e9 da Laje ser\u00e3o 5 noites de festas com apresenta\u00e7\u00f5es culturais atrav\u00e9s das quadrilhas juninas, e shows que contar\u00e1 com a participa\u00e7\u00e3o das bandas Jaime Mendes, Cl\u00e1udio Rios, Thiago Vas, Anderson Vieira, Kel Monaliza, Jo\u00e3o do Brega, Guilherme Topado, e a atra\u00e7\u00e3o nacional Walkyria Santos (Ex -Magn\u00edficos).<\/p>\n<p><a href=\"http:\/\/www.muricionline.com.br\/novo\/wp-content\/uploads\/2023\/06\/e0aece45-fb2e-4b63-bb17-6ccc37fa08a0.jpeg\"><img loading=\"lazy\" decoding=\"async\" class=\"aligncenter size-full wp-image-20513\" src=\"http:\/\/www.muricionline.com.br\/novo\/wp-content\/uploads\/2023\/06\/e0aece45-fb2e-4b63-bb17-6ccc37fa08a0.jpeg\" alt=\"\" width=\"1024\" height=\"683\" srcset=\"http:\/\/www.muricionline.com.br\/novo\/wp-content\/uploads\/2023\/06\/e0aece45-fb2e-4b63-bb17-6ccc37fa08a0.jpeg 1024w, http:\/\/www.muricionline.com.br\/novo\/wp-content\/uploads\/2023\/06\/e0aece45-fb2e-4b63-bb17-6ccc37fa08a0-250x167.jpeg 250w, http:\/\/www.muricionline.com.br\/novo\/wp-content\/uploads\/2023\/06\/e0aece45-fb2e-4b63-bb17-6ccc37fa08a0-768x512.jpeg 768w, http:\/\/www.muricionline.com.br\/novo\/wp-content\/uploads\/2023\/06\/e0aece45-fb2e-4b63-bb17-6ccc37fa08a0-400x267.jpeg 400w\" sizes=\"(max-width: 1024px) 100vw, 1024px\" \/><\/a><\/p>\n<p>Entusiasmada com o sucesso do Arrai\u00e1 do Povo a prefeita Angela Vanessa destacou as novidades desta edi\u00e7\u00e3o. \u201c Praparamos tudo com muito carinho, pensando no p\u00fablico de todas as idades, um S\u00e3o Jo\u00e3o da fam\u00edlia, temos parque infantil, apresenta\u00e7\u00f5es culturais com juninas de toda Alagoas, e atra\u00e7\u00f5es musicais valorizando a cultura nordestina, artistas regionais e nacionais, esse ano levando em conta o sucesso do ano passado ampliamos a estrutura para melhor acomodar nossos visitantes, est\u00e1 todo mundo convidado para as noites juninas aqui em S\u00e3o Jos\u00e9 da Laje, a festa s\u00f3 acaba dia 28 de junho.\u201d Destacou a Prefeita Angela Vanessa.<\/p>\n<p>Por Secom &#8211; S\u00e3o Jos\u00e9 da Laje\/AL<\/p>\n<span style=\"clear:both;display:none;\"><img src=\"http:\/\/www.muricionline.com.br\/novo\/wp-content\/plugins\/wp-spamfree\/img\/wpsf-img.php\" width=\"0\" height=\"0\" alt=\"\" style=\"border-style:none;width:0px;height:0px;display:none;\" \/><\/span>","protected":false},"excerpt":{"rendered":"<p>O S\u00e3o Jo\u00e3o em S\u00e3o Jos\u00e9 da Laje se consolida como um dos mais importantes eventos culturais da regi\u00e3o. A abertura do S\u00e3o Jo\u00e3o Cultural denominado \u201cArrai\u00e1 do Povo\u201d, iniciou na noite dessa segunda-feira, 12, com a apresenta\u00e7\u00e3o da Quadrilha Junina Flor de Chita al\u00e9m dos shows musicais com Cordeiro do Acordeon e Banda Karisma&#8230;<\/p>\n","protected":false},"author":1,"featured_media":20510,"comment_status":"open","ping_status":"open","sticky":false,"template":"","format":"standard","meta":{"footnotes":""},"categories":[1],"tags":[5],"_links":{"self":[{"href":"http:\/\/www.muricionline.com.br\/novo\/index.php?rest_route=\/wp\/v2\/posts\/20509"}],"collection":[{"href":"http:\/\/www.muricionline.com.br\/novo\/index.php?rest_route=\/wp\/v2\/posts"}],"about":[{"href":"http:\/\/www.muricionline.com.br\/novo\/index.php?rest_route=\/wp\/v2\/types\/post"}],"author":[{"embeddable":true,"href":"http:\/\/www.muricionline.com.br\/novo\/index.php?rest_route=\/wp\/v2\/users\/1"}],"replies":[{"embeddable":true,"href":"http:\/\/www.muricionline.com.br\/novo\/index.php?rest_route=%2Fwp%2Fv2%2Fcomments&post=20509"}],"version-history":[{"count":1,"href":"http:\/\/www.muricionline.com.br\/novo\/index.php?rest_route=\/wp\/v2\/posts\/20509\/revisions"}],"predecessor-version":[{"id":20514,"href":"http:\/\/www.muricionline.com.br\/novo\/index.php?rest_route=\/wp\/v2\/posts\/20509\/revisions\/20514"}],"wp:featuredmedia":[{"embeddable":true,"href":"http:\/\/www.muricionline.com.br\/novo\/index.php?rest_route=\/wp\/v2\/media\/20510"}],"wp:attachment":[{"href":"http:\/\/www.muricionline.com.br\/novo\/index.php?rest_route=%2Fwp%2Fv2%2Fmedia&parent=20509"}],"wp:term":[{"taxonomy":"category","embeddable":true,"href":"http:\/\/www.muricionline.com.br\/novo\/index.php?rest_route=%2Fwp%2Fv2%2Fcategories&post=20509"},{"taxonomy":"post_tag","embeddable":true,"href":"http:\/\/www.muricionline.com.br\/novo\/index.php?rest_route=%2Fwp%2Fv2%2Ftags&post=20509"}],"curies":[{"name":"wp","href":"https:\/\/api.w.org\/{rel}","templated":true}]}}