{"id":20518,"date":"2023-06-14T10:05:13","date_gmt":"2023-06-14T13:05:13","guid":{"rendered":"http:\/\/www.muricionline.com.br\/novo\/?p=20518"},"modified":"2023-06-14T10:10:10","modified_gmt":"2023-06-14T13:10:10","slug":"prefeitura-de-sao-jose-da-laje-paga-r-48-milhoes-dos-precatorios-do-fundef","status":"publish","type":"post","link":"http:\/\/www.muricionline.com.br\/novo\/?p=20518","title":{"rendered":"Prefeitura de S\u00e3o Jos\u00e9 da Laje paga R$ 4,8 milh\u00f5es dos precat\u00f3rios do Fundef"},"content":{"rendered":"<p>Os benefici\u00e1rios dos precatorios do Fundef em S\u00e3o Jos\u00e9 da Laje receberam uma \u00f3tima not\u00edcia nesta ter\u00e7a-feira 13, os valores da primeira parcela foi creditado na conta da prefeitura e est\u00e1 a um passo da etapa final que \u00e9 o pagamento, para isso a prefeita Angela Vanessa solicitou em car\u00e1ter de urg\u00eancia a autoriza\u00e7\u00e3o da C\u00e2mara dos vereadores para a realiza\u00e7\u00e3o do pagamento a todos os beneficiados.<\/p>\n<p>Destacando os trabalhos de todos os envolvidos para essa importante realiza\u00e7\u00e3o, a secret\u00e1ria de educa\u00e7\u00e3o do munic\u00edpio Glaudes Souza, falou sobre.<\/p>\n<p>&#8220;Esses precat\u00f3rios correspondem a recursos que deixaram de ser repassadas pelo Governo Federal entre o per\u00edodo de 1997 e 2006. O valor creditado hoje de R$ 4.847.305,98 (quatro milh\u00f5es, oitocentos e quarenta e sete mil, trezentos e cinco reais e noventa e oito centavos) \u00e9 a leg\u00edtima representa\u00e7\u00e3o de um trabalho organizado, transparente e respons\u00e1vel, que desde a \u00e9poca do Prefeito Rodrigo Valen\u00e7a, tem sido priorizado em nossa administra\u00e7\u00e3o, por meio de incans\u00e1veis buscas junto aos \u00f3rg\u00e3os competentes para a concess\u00e3o de sua libera\u00e7\u00e3o.<\/p>\n<p><a href=\"http:\/\/www.muricionline.com.br\/novo\/wp-content\/uploads\/2023\/06\/60ccf9b1-be9b-49da-ae2c-af4db9a55885.jpeg\"><img loading=\"lazy\" decoding=\"async\" class=\"aligncenter size-full wp-image-20519\" src=\"http:\/\/www.muricionline.com.br\/novo\/wp-content\/uploads\/2023\/06\/60ccf9b1-be9b-49da-ae2c-af4db9a55885.jpeg\" alt=\"\" width=\"701\" height=\"438\" srcset=\"http:\/\/www.muricionline.com.br\/novo\/wp-content\/uploads\/2023\/06\/60ccf9b1-be9b-49da-ae2c-af4db9a55885.jpeg 701w, http:\/\/www.muricionline.com.br\/novo\/wp-content\/uploads\/2023\/06\/60ccf9b1-be9b-49da-ae2c-af4db9a55885-250x156.jpeg 250w, http:\/\/www.muricionline.com.br\/novo\/wp-content\/uploads\/2023\/06\/60ccf9b1-be9b-49da-ae2c-af4db9a55885-400x250.jpeg 400w\" sizes=\"(max-width: 701px) 100vw, 701px\" \/><\/a><\/p>\n<p>&nbsp;<\/p>\n<p>A partir de um trabalho que mobilizou t\u00e9cnicos, docentes e gestores da Secretaria da Educa\u00e7\u00e3o, al\u00e9m de representantes do Legislativo local, foi constitu\u00edda a Comiss\u00e3o Local do FUNDEF, que seguiu \u00e0 risca o Edital e deu publicidade a cada uma das etapas para que cheg\u00e1ssemos a essa pr\u00f3xima fase, que \u00e9 a de consolida\u00e7\u00e3o via pagamento.<\/p>\n<p>Gostar\u00edamos de ressaltar que o TAC (Termo de Ajustamento de Conduta) assinado pelo prefeito da \u00e9poca Rodrigo Valen\u00e7a e reiterado pela atual prefeita Angela Vanessa representa um olhar sens\u00edvel voltado ao papel dos professores em seus espa\u00e7os de atua\u00e7\u00e3o. Diferentemente de muitos munic\u00edpios, a nossa prioridade sempre esteve voltada ao pagamento desses precat\u00f3rios aos docentes, o que se efetivar\u00e1 em breve.<\/p>\n<p>A prefeita Angela Vanessa que durante sua gest\u00e3o colocou como prioridade a contonuidade dos processos do Fundef para a realiza\u00e7\u00e3o do pagamento, anunciou em suas redes sociais a boa nova aos professores ao mesmo tempo que agradeceu a todos envolvidos pelo trabalho e transpar\u00eancia.<\/p>\n<p>&#8220;Agradecemos a Comiss\u00e3o e os gestores da Secretaria de Educa\u00e7\u00e3o, que brilhantemente, e de forma abnegada, n\u00e3o mediram esfor\u00e7os para a chegada desse momento, inclusive desmentindo conversas infundadas quanto ao cr\u00e9dito desse dinheiro em momento anterior.<\/p>\n<p>O nosso cora\u00e7\u00e3o transborda de felicidade por entendermos que \u00e9 a partir da valoriza\u00e7\u00e3o de nossos servidores, que temos plantado e colhido dias melhores para a nossa Educa\u00e7\u00e3o P\u00fablica Municipal e a sociedade lajense como um todo. Estamos enviando para a C\u00e2mara o projeto de lei em car\u00e1ter de urg\u00eancia para a autoriza\u00e7\u00e3o dos pagamentos. &#8221; Finalizou a prefeita Angela Vanessa<\/p>\n<p>Por Secom &#8211; S\u00e3o Jos\u00e9 da Laje\/AL<\/p>\n<span style=\"clear:both;display:none;\"><img src=\"http:\/\/www.muricionline.com.br\/novo\/wp-content\/plugins\/wp-spamfree\/img\/wpsf-img.php\" width=\"0\" height=\"0\" alt=\"\" style=\"border-style:none;width:0px;height:0px;display:none;\" \/><\/span>","protected":false},"excerpt":{"rendered":"<p>Os benefici\u00e1rios dos precatorios do Fundef em S\u00e3o Jos\u00e9 da Laje receberam uma \u00f3tima not\u00edcia nesta ter\u00e7a-feira 13, os valores da primeira parcela foi creditado na conta da prefeitura e est\u00e1 a um passo da etapa final que \u00e9 o pagamento, para isso a prefeita Angela Vanessa solicitou em car\u00e1ter de urg\u00eancia a autoriza\u00e7\u00e3o da&#8230;<\/p>\n","protected":false},"author":1,"featured_media":20520,"comment_status":"open","ping_status":"open","sticky":false,"template":"","format":"standard","meta":{"footnotes":""},"categories":[1],"tags":[5],"_links":{"self":[{"href":"http:\/\/www.muricionline.com.br\/novo\/index.php?rest_route=\/wp\/v2\/posts\/20518"}],"collection":[{"href":"http:\/\/www.muricionline.com.br\/novo\/index.php?rest_route=\/wp\/v2\/posts"}],"about":[{"href":"http:\/\/www.muricionline.com.br\/novo\/index.php?rest_route=\/wp\/v2\/types\/post"}],"author":[{"embeddable":true,"href":"http:\/\/www.muricionline.com.br\/novo\/index.php?rest_route=\/wp\/v2\/users\/1"}],"replies":[{"embeddable":true,"href":"http:\/\/www.muricionline.com.br\/novo\/index.php?rest_route=%2Fwp%2Fv2%2Fcomments&post=20518"}],"version-history":[{"count":2,"href":"http:\/\/www.muricionline.com.br\/novo\/index.php?rest_route=\/wp\/v2\/posts\/20518\/revisions"}],"predecessor-version":[{"id":20522,"href":"http:\/\/www.muricionline.com.br\/novo\/index.php?rest_route=\/wp\/v2\/posts\/20518\/revisions\/20522"}],"wp:featuredmedia":[{"embeddable":true,"href":"http:\/\/www.muricionline.com.br\/novo\/index.php?rest_route=\/wp\/v2\/media\/20520"}],"wp:attachment":[{"href":"http:\/\/www.muricionline.com.br\/novo\/index.php?rest_route=%2Fwp%2Fv2%2Fmedia&parent=20518"}],"wp:term":[{"taxonomy":"category","embeddable":true,"href":"http:\/\/www.muricionline.com.br\/novo\/index.php?rest_route=%2Fwp%2Fv2%2Fcategories&post=20518"},{"taxonomy":"post_tag","embeddable":true,"href":"http:\/\/www.muricionline.com.br\/novo\/index.php?rest_route=%2Fwp%2Fv2%2Ftags&post=20518"}],"curies":[{"name":"wp","href":"https:\/\/api.w.org\/{rel}","templated":true}]}}