{"id":20527,"date":"2023-06-15T10:17:52","date_gmt":"2023-06-15T13:17:52","guid":{"rendered":"http:\/\/www.muricionline.com.br\/novo\/?p=20527"},"modified":"2023-06-15T10:17:59","modified_gmt":"2023-06-15T13:17:59","slug":"santana-do-mundau-celebra-63-anos-com-grande-festa","status":"publish","type":"post","link":"http:\/\/www.muricionline.com.br\/novo\/?p=20527","title":{"rendered":"Santana do Munda\u00fa celebra 63 anos com grande festa"},"content":{"rendered":"<p>Celebrando 63 anos de emancipa\u00e7\u00e3o pol\u00edtica nesta quarta-feira (14), o munic\u00edpio de Santana do Munda\u00fa comemorou a data com uma grande programa\u00e7\u00e3o preparara pela Prefeitura. Nas primeiras horas da manh\u00e3, o prefeito Arthur Freitas e a vice-prefeita, Dona Bet\u00e2nia, conduziram a solenidade de hasteamento das bandeiras. Logo ap\u00f3s, celebrada pelo Padre C\u00edcero, autoridades e mundauenses se reuniram na Igreja Matriz de Senhora Sant\u2019Ana para a missa em a\u00e7\u00e3o de gra\u00e7as.<\/p>\n<p>Em seguida, o gestor deu in\u00edcio \u00e0s solenidades de entregas de equipamentos e espa\u00e7os p\u00fablicos. Para a educa\u00e7\u00e3o, mais refor\u00e7o na frota escolar com a entrega de duas novas motos e um \u00f4nibus escolar. Para a Sa\u00fade, homenageando a saudosa agente de sa\u00fade, Aucelita da Silva, foi inaugurada a reestrutura\u00e7\u00e3o do antigo pr\u00e9dio da maternidade, onde agora passar a funcionar a UBS Padre C\u00edcero. A Unidade conta com consult\u00f3rios m\u00e9dico, multidisciplinar e odontol\u00f3gico; salas de triagem, vacina, medicamentos e muito mais.<\/p>\n<p>E concretizando um compromisso firmado com os mototaxistas, o prefeito inaugurou o Point do Motot\u00e1xi\u2019 Jos\u00e9 Erinaldo Le\u00f4ncio, que conta com espa\u00e7o instagram\u00e1vel, pintura em grafite retratando os cart\u00f5es-postais do munic\u00edpio, bancos e cobertas, parquinho para a crian\u00e7ada, paisagismo e mais. Na ocasi\u00e3o, o gestor tamb\u00e9m entregou aos profissionais uma TV de 42\u2019, um bebedouro e anunciou a reforma da sede da associa\u00e7\u00e3o.<\/p>\n<p>J\u00e1 na parte da tarde, as ruas do centro da cidade ficaram tomadas de brilho e cores para a passagem do tradicional desfile c\u00edvico. Estudantes e professores se juntaram aos bailarinos e m\u00fasicos da banda fanfarra do munic\u00edpio e das bandas convidadas; e fizeram um bel\u00edssimo espet\u00e1culo. O show de criatividade e alegria contagiou a todos e arrancou aplausos do p\u00fablico presente.<\/p>\n<p>Encerrando a festividade com chave de ouro, os cantores Ra\u00ed Saia Rodada, Marcynho Sensa\u00e7\u00e3o e Sandy e Marckelyne, animaram o p\u00fablico que compareceu em peso. Com repert\u00f3rios de grandes sucessos, o evento foi marcado por muita alegria e energia.<\/p>\n<p>\u201cMais um anivers\u00e1rio da nossa Munda\u00fa e a comemora\u00e7\u00e3o n\u00e3o poderia ser diferente. Preparamos tudo com muito carinho e ao longo de todo o dia, junto \u00e0 popula\u00e7\u00e3o, autoridades e servidores, tivemos uma programa\u00e7\u00e3o especial que comprova o carinho e aten\u00e7\u00e3o que temos com nossa cidade, em todas as \u00e1reas. Seguiremos incans\u00e1veis na busca de mais investimentos, conquistas e avan\u00e7os. Agrade\u00e7o a todos que participaram desse momento festivo e que acreditam na seriedade do nosso trabalho. Em cada canto da cidade, nosso amor se faz presente\u201d, disse Arthur Freitas.<\/p>\n<p>A primeira-dama Katherine Farias, o presidente da C\u00e2mara, Alex Freire, os vereadores Juarez, Genor, Dra Inez, Nego das Brenhas e T\u00f4ta; o secret\u00e1rio de educa\u00e7\u00e3o, Andr\u00e9 Castro, de sa\u00fade, Paula Cavalcante, demais secret\u00e1rios e servidores, tamb\u00e9m participaram do evento que tamb\u00e9m foi prestigiado pelos prefeitos de Branquinha, Neno Freitas e de Uni\u00e3o dos Palmares, Kil.<\/p>\n<p>&nbsp;<\/p>\n<p>Com Assessoria&nbsp;<\/p>\n<span style=\"clear:both;display:none;\"><img src=\"http:\/\/www.muricionline.com.br\/novo\/wp-content\/plugins\/wp-spamfree\/img\/wpsf-img.php\" width=\"0\" height=\"0\" alt=\"\" style=\"border-style:none;width:0px;height:0px;display:none;\" \/><\/span>","protected":false},"excerpt":{"rendered":"<p>Celebrando 63 anos de emancipa\u00e7\u00e3o pol\u00edtica nesta quarta-feira (14), o munic\u00edpio de Santana do Munda\u00fa comemorou a data com uma grande programa\u00e7\u00e3o preparara pela Prefeitura. Nas primeiras horas da manh\u00e3, o prefeito Arthur Freitas e a vice-prefeita, Dona Bet\u00e2nia, conduziram a solenidade de hasteamento das bandeiras. Logo ap\u00f3s, celebrada pelo Padre C\u00edcero, autoridades e mundauenses&#8230;<\/p>\n","protected":false},"author":1,"featured_media":20528,"comment_status":"open","ping_status":"open","sticky":false,"template":"","format":"standard","meta":{"footnotes":""},"categories":[7,1],"tags":[5],"_links":{"self":[{"href":"http:\/\/www.muricionline.com.br\/novo\/index.php?rest_route=\/wp\/v2\/posts\/20527"}],"collection":[{"href":"http:\/\/www.muricionline.com.br\/novo\/index.php?rest_route=\/wp\/v2\/posts"}],"about":[{"href":"http:\/\/www.muricionline.com.br\/novo\/index.php?rest_route=\/wp\/v2\/types\/post"}],"author":[{"embeddable":true,"href":"http:\/\/www.muricionline.com.br\/novo\/index.php?rest_route=\/wp\/v2\/users\/1"}],"replies":[{"embeddable":true,"href":"http:\/\/www.muricionline.com.br\/novo\/index.php?rest_route=%2Fwp%2Fv2%2Fcomments&post=20527"}],"version-history":[{"count":1,"href":"http:\/\/www.muricionline.com.br\/novo\/index.php?rest_route=\/wp\/v2\/posts\/20527\/revisions"}],"predecessor-version":[{"id":20529,"href":"http:\/\/www.muricionline.com.br\/novo\/index.php?rest_route=\/wp\/v2\/posts\/20527\/revisions\/20529"}],"wp:featuredmedia":[{"embeddable":true,"href":"http:\/\/www.muricionline.com.br\/novo\/index.php?rest_route=\/wp\/v2\/media\/20528"}],"wp:attachment":[{"href":"http:\/\/www.muricionline.com.br\/novo\/index.php?rest_route=%2Fwp%2Fv2%2Fmedia&parent=20527"}],"wp:term":[{"taxonomy":"category","embeddable":true,"href":"http:\/\/www.muricionline.com.br\/novo\/index.php?rest_route=%2Fwp%2Fv2%2Fcategories&post=20527"},{"taxonomy":"post_tag","embeddable":true,"href":"http:\/\/www.muricionline.com.br\/novo\/index.php?rest_route=%2Fwp%2Fv2%2Ftags&post=20527"}],"curies":[{"name":"wp","href":"https:\/\/api.w.org\/{rel}","templated":true}]}}